{"id":899,"date":"2024-10-01T00:00:22","date_gmt":"2024-09-30T22:00:22","guid":{"rendered":"https:\/\/chicandchill.de\/?p=899"},"modified":"2025-09-11T21:00:13","modified_gmt":"2025-09-11T19:00:13","slug":"willkommen-bei-chic-chill-ein-neuer-name-bewaehrte-qualitaet","status":"publish","type":"post","link":"https:\/\/chicandchill.de\/\/willkommen-bei-chic-chill-ein-neuer-name-bewaehrte-qualitaet\/","title":{"rendered":"Willkommen bei Chic &#038; Chill \u2013 Ein neuer Name, bew\u00e4hrte Qualit\u00e4t"},"content":{"rendered":"\n<p>Am 1. Oktober 2024 begann ein neues Kapitel f\u00fcr den Friseursalon in der Leipziger Stra\u00dfe 90 in Borna: Aus <strong><em>Esthetics<\/em> <\/strong>wurde <strong>Chic &amp; Chill<\/strong>. Viele Kundinnen und Kunden kennen den Salon bereits aus den vergangenen Jahren, den Stefanie Kopp mit viel Leidenschaft aufgebaut und gef\u00fchrt hat.<\/p>\n\n\n\n<figure class=\"wp-block-gallery alignleft has-nested-images columns-2 is-cropped wp-block-gallery-1 is-layout-flex wp-block-gallery-is-layout-flex\">\n<figure class=\"wp-block-image size-large\"><img data-recalc-dims=\"1\" loading=\"lazy\" decoding=\"async\" width=\"800\" height=\"656\" data-id=\"10527\" src=\"https:\/\/i0.wp.com\/chicandchill.de\/wp-content\/uploads\/2025\/09\/image.webp?resize=800%2C656&#038;ssl=1\" alt=\"\" class=\"wp-image-10527\" srcset=\"https:\/\/i0.wp.com\/chicandchill.de\/wp-content\/uploads\/2025\/09\/image.webp?w=1241&amp;ssl=1 1241w, https:\/\/i0.wp.com\/chicandchill.de\/wp-content\/uploads\/2025\/09\/image.webp?w=1200&amp;ssl=1 1200w, https:\/\/i0.wp.com\/chicandchill.de\/wp-content\/uploads\/2025\/09\/image.webp?w=600&amp;ssl=1 600w, https:\/\/i0.wp.com\/chicandchill.de\/wp-content\/uploads\/2025\/09\/image.webp?w=300&amp;ssl=1 300w, https:\/\/i0.wp.com\/chicandchill.de\/wp-content\/uploads\/2025\/09\/image.webp?resize=150%2C150&amp;ssl=1 150w\" sizes=\"auto, (max-width: 800px) 100vw, 800px\" \/><\/figure>\n\n\n\n<figure class=\"wp-block-image\"><img data-recalc-dims=\"1\" loading=\"lazy\" decoding=\"async\" width=\"800\" height=\"1067\" data-id=\"8857\" src=\"https:\/\/i0.wp.com\/chicandchill.de\/wp-content\/uploads\/2025\/08\/IMG_8603.webp?resize=800%2C1067&#038;ssl=1\" alt=\"\" class=\"wp-image-8857\" srcset=\"https:\/\/i0.wp.com\/chicandchill.de\/wp-content\/uploads\/2025\/08\/IMG_8603.webp?w=1536&amp;ssl=1 1536w, https:\/\/i0.wp.com\/chicandchill.de\/wp-content\/uploads\/2025\/08\/IMG_8603.webp?w=1200&amp;ssl=1 1200w, https:\/\/i0.wp.com\/chicandchill.de\/wp-content\/uploads\/2025\/08\/IMG_8603.webp?w=600&amp;ssl=1 600w, https:\/\/i0.wp.com\/chicandchill.de\/wp-content\/uploads\/2025\/08\/IMG_8603.webp?w=300&amp;ssl=1 300w, https:\/\/i0.wp.com\/chicandchill.de\/wp-content\/uploads\/2025\/08\/IMG_8603.webp?resize=150%2C150&amp;ssl=1 150w\" sizes=\"auto, (max-width: 800px) 100vw, 800px\" \/><\/figure>\n\n\n\n<figure class=\"wp-block-image size-large\"><img data-recalc-dims=\"1\" loading=\"lazy\" decoding=\"async\" width=\"800\" height=\"1066\" data-id=\"8851\" src=\"https:\/\/i0.wp.com\/chicandchill.de\/wp-content\/uploads\/2025\/08\/IMG_0531.webp?resize=800%2C1066&#038;ssl=1\" alt=\"\" class=\"wp-image-8851\" srcset=\"https:\/\/i0.wp.com\/chicandchill.de\/wp-content\/uploads\/2025\/08\/IMG_0531.webp?w=1355&amp;ssl=1 1355w, https:\/\/i0.wp.com\/chicandchill.de\/wp-content\/uploads\/2025\/08\/IMG_0531.webp?w=1200&amp;ssl=1 1200w, https:\/\/i0.wp.com\/chicandchill.de\/wp-content\/uploads\/2025\/08\/IMG_0531.webp?w=600&amp;ssl=1 600w, https:\/\/i0.wp.com\/chicandchill.de\/wp-content\/uploads\/2025\/08\/IMG_0531.webp?w=300&amp;ssl=1 300w, https:\/\/i0.wp.com\/chicandchill.de\/wp-content\/uploads\/2025\/08\/IMG_0531.webp?resize=150%2C150&amp;ssl=1 150w\" sizes=\"auto, (max-width: 800px) 100vw, 800px\" \/><\/figure>\n\n\n\n<figure class=\"wp-block-image size-large\"><img data-recalc-dims=\"1\" loading=\"lazy\" decoding=\"async\" width=\"800\" height=\"1067\" data-id=\"8856\" src=\"https:\/\/i0.wp.com\/chicandchill.de\/wp-content\/uploads\/2025\/08\/IMG_8670.webp?resize=800%2C1067&#038;ssl=1\" alt=\"\" class=\"wp-image-8856\" srcset=\"https:\/\/i0.wp.com\/chicandchill.de\/wp-content\/uploads\/2025\/08\/IMG_8670.webp?w=1536&amp;ssl=1 1536w, https:\/\/i0.wp.com\/chicandchill.de\/wp-content\/uploads\/2025\/08\/IMG_8670.webp?w=1200&amp;ssl=1 1200w, https:\/\/i0.wp.com\/chicandchill.de\/wp-content\/uploads\/2025\/08\/IMG_8670.webp?w=600&amp;ssl=1 600w, https:\/\/i0.wp.com\/chicandchill.de\/wp-content\/uploads\/2025\/08\/IMG_8670.webp?w=300&amp;ssl=1 300w, https:\/\/i0.wp.com\/chicandchill.de\/wp-content\/uploads\/2025\/08\/IMG_8670.webp?resize=150%2C150&amp;ssl=1 150w\" sizes=\"auto, (max-width: 800px) 100vw, 800px\" \/><\/figure>\n<\/figure>\n\n\n\n<p>Aus pers\u00f6nlichen Gr\u00fcnden hat Frau Kopp den Salon verkauft. Wir danken ihr f\u00fcr ihr Engagement und w\u00fcnschen ihr f\u00fcr die Zukunft alles erdenklich Gute. Gleichzeitig freuen wir uns sehr, dass sie den Salon in die H\u00e4nde von <strong>Robby Klier<\/strong> gelegt hat.<\/p>\n\n\n\n<p>F\u00fcr unsere Kundinnen und Kunden bedeutet das: Bew\u00e4hrte Qualit\u00e4t, ein herzliches Team und frische Ideen. Wir laden Sie ein, Chic &amp; Chill kennenzulernen \u2013 Ihr moderner Friseursalon in Borna.<\/p>\n\n\n\n<h3 class=\"wp-block-heading\"><strong>Unsere Vision f\u00fcr die Zukunft: Chic &amp; Chill<\/strong><\/h3>\n\n\n\n<p>Unser Ziel ist es, die gewohnte Qualit\u00e4t nicht nur zu erhalten, sondern den Salon stetig weiterzuentwickeln. Chic &amp; Chill steht f\u00fcr eine entspannte Atmosph\u00e4re, in der unsere Kunden hochwertige Friseur- und Pflegebehandlungen genie\u00dfen k\u00f6nnen. Dabei legen wir gro\u00dfen Wert auf pers\u00f6nliche Beratung, moderne Techniken und die Verwendung von erstklassigen Produkten \u2013 wie <strong>Redken<\/strong>, um sicherzustellen, dass dein Haar immer in Bestform ist.<\/p>\n\n\n\n<p>Wir wollen in Zukunft nicht nur unsere Dienstleistungen verbessern, sondern auch unsere <strong>digitale Pr\u00e4senz ausbauen<\/strong>. Wir arbeiten daran, die Terminbuchung und Kommunikation mit unseren Kunden noch einfacher und komfortabler zu gestalten. Dazu geh\u00f6ren optimierte Online-Buchungssysteme und regelm\u00e4\u00dfige Updates auf unseren Social-Media-Kan\u00e4len.<\/p>\n\n\n\n<hr class=\"wp-block-separator has-alpha-channel-opacity\"\/>\n\n\n\n<h3 class=\"wp-block-heading\"><strong>Folge uns auf Instagram<\/strong><\/h3>\n\n\n\t\t<div data-elementor-type=\"container\" data-elementor-id=\"7948\" class=\"elementor elementor-7948\" data-elementor-post-type=\"elementor_library\">\n\t\t\t\t<div class=\"elementor-element elementor-element-37175c90 e-con-full shrink e-flex e-con e-child\" data-id=\"37175c90\" data-element_type=\"container\" data-e-type=\"container\">\n\t\t<a class=\"elementor-element elementor-element-6f6633a3 e-con-full e-flex e-con e-child\" data-id=\"6f6633a3\" data-element_type=\"container\" data-e-type=\"container\" href=\"#elementor-action%3Aaction%3Dpopup%3Aopen%26settings%3DeyJpZCI6Ijc3MDYiLCJ0b2dnbGUiOmZhbHNlfQ%3D%3D\">\n\t\t<div class=\"elementor-element elementor-element-d709114 e-con-full e-flex e-con e-child\" data-id=\"d709114\" data-element_type=\"container\" data-e-type=\"container\" data-settings=\"{&quot;background_background&quot;:&quot;classic&quot;}\">\n\t\t\t\t<div class=\"elementor-element elementor-element-18b87ea elementor-view-default elementor-widget elementor-widget-icon\" data-id=\"18b87ea\" data-element_type=\"widget\" data-e-type=\"widget\" data-widget_type=\"icon.default\">\n\t\t\t\t<div class=\"elementor-widget-container\">\n\t\t\t\t\t\t\t<div class=\"elementor-icon-wrapper\">\n\t\t\t<div class=\"elementor-icon\">\n\t\t\t<svg aria-hidden=\"true\" class=\"e-font-icon-svg e-far-calendar-plus\" viewBox=\"0 0 448 512\" xmlns=\"http:\/\/www.w3.org\/2000\/svg\"><path d=\"M336 292v24c0 6.6-5.4 12-12 12h-76v76c0 6.6-5.4 12-12 12h-24c-6.6 0-12-5.4-12-12v-76h-76c-6.6 0-12-5.4-12-12v-24c0-6.6 5.4-12 12-12h76v-76c0-6.6 5.4-12 12-12h24c6.6 0 12 5.4 12 12v76h76c6.6 0 12 5.4 12 12zm112-180v352c0 26.5-21.5 48-48 48H48c-26.5 0-48-21.5-48-48V112c0-26.5 21.5-48 48-48h48V12c0-6.6 5.4-12 12-12h40c6.6 0 12 5.4 12 12v52h128V12c0-6.6 5.4-12 12-12h40c6.6 0 12 5.4 12 12v52h48c26.5 0 48 21.5 48 48zm-48 346V160H48v298c0 3.3 2.7 6 6 6h340c3.3 0 6-2.7 6-6z\"><\/path><\/svg>\t\t\t<\/div>\n\t\t<\/div>\n\t\t\t\t\t\t<\/div>\n\t\t\t\t<\/div>\n\t\t\t\t<\/div>\n\t\t<div class=\"elementor-element elementor-element-7771e7e5 e-con-full e-flex e-con e-child\" data-id=\"7771e7e5\" data-element_type=\"container\" data-e-type=\"container\" data-settings=\"{&quot;background_background&quot;:&quot;classic&quot;}\">\n\t\t<div class=\"elementor-element elementor-element-58940573 e-con-full e-flex e-con e-child\" data-id=\"58940573\" data-element_type=\"container\" data-e-type=\"container\">\n\t\t\t\t<div class=\"elementor-element elementor-element-75fedc98 elementor-widget elementor-widget-shortcode\" data-id=\"75fedc98\" data-element_type=\"widget\" data-e-type=\"widget\" data-widget_type=\"shortcode.default\">\n\t\t\t\t<div class=\"elementor-widget-container\">\n\t\t\t\t\t\t\t<div class=\"elementor-shortcode\">\t\t<div data-elementor-type=\"container\" data-elementor-id=\"7251\" class=\"elementor elementor-7251\" data-elementor-post-type=\"elementor_library\">\n\t\t\t\t<div class=\"elementor-element elementor-element-fc2fb2b e-flex e-con-boxed e-con e-parent\" data-id=\"fc2fb2b\" data-element_type=\"container\" data-e-type=\"container\">\n\t\t\t\t\t<div class=\"e-con-inner\">\n\t\t\t\t<div class=\"elementor-element elementor-element-057626b elementor-widget elementor-widget-html\" data-id=\"057626b\" data-element_type=\"widget\" data-e-type=\"widget\" data-widget_type=\"html.default\">\n\t\t\t\t<div class=\"elementor-widget-container\">\n\t\t\t\t\t<div class=\"live-dot\"><\/div>\t\t\t\t<\/div>\n\t\t\t\t<\/div>\n\t\t\t\t<div class=\"elementor-element elementor-element-cd66839 elementor-widget elementor-widget-heading\" data-id=\"cd66839\" data-element_type=\"widget\" data-e-type=\"widget\" data-widget_type=\"heading.default\">\n\t\t\t\t<div class=\"elementor-widget-container\">\n\t\t\t\t\t<h2 class=\"elementor-heading-title elementor-size-default\">Spontan freie Termine verf\u00fcgbar \u2013 Reservieren Sie bequem online.\n<\/h2>\t\t\t\t<\/div>\n\t\t\t\t<\/div>\n\t\t\t\t\t<\/div>\n\t\t\t\t<\/div>\n\t\t\t\t<\/div>\n\t\t<\/div>\n\t\t\t\t\t\t<\/div>\n\t\t\t\t<\/div>\n\t\t\t\t<\/div>\n\t\t\t\t<div class=\"elementor-element elementor-element-7ac5db55 elementor-widget elementor-widget-heading\" data-id=\"7ac5db55\" data-element_type=\"widget\" data-e-type=\"widget\" data-widget_type=\"heading.default\">\n\t\t\t\t<div class=\"elementor-widget-container\">\n\t\t\t\t\t<h2 class=\"elementor-heading-title elementor-size-default\">Ob <b>spontan am selben Tag<\/b> oder ganz entspannt f\u00fcr die Zukunft: \u00dcber unser Online-Portal k\u00f6nnen Sie rund um die Uhr Ihren Wunschtermin buchen \u2013 bequem, flexibel und ohne Wartezeit.<\/h2>\t\t\t\t<\/div>\n\t\t\t\t<\/div>\n\t\t\t\t<div class=\"elementor-element elementor-element-5e1b922f elementor-icon-list--layout-inline elementor-align-start elementor-list-item-link-full_width elementor-widget elementor-widget-icon-list\" data-id=\"5e1b922f\" data-element_type=\"widget\" data-e-type=\"widget\" data-widget_type=\"icon-list.default\">\n\t\t\t\t<div class=\"elementor-widget-container\">\n\t\t\t\t\t\t\t<ul class=\"elementor-icon-list-items elementor-inline-items\">\n\t\t\t\t\t\t\t<li class=\"elementor-icon-list-item elementor-inline-item\">\n\t\t\t\t\t\t\t\t\t\t\t<span class=\"elementor-icon-list-icon\">\n\t\t\t\t\t\t\t<svg aria-hidden=\"true\" class=\"e-font-icon-svg e-fas-chevron-right\" viewBox=\"0 0 320 512\" xmlns=\"http:\/\/www.w3.org\/2000\/svg\"><path d=\"M285.476 272.971L91.132 467.314c-9.373 9.373-24.569 9.373-33.941 0l-22.667-22.667c-9.357-9.357-9.375-24.522-.04-33.901L188.505 256 34.484 101.255c-9.335-9.379-9.317-24.544.04-33.901l22.667-22.667c9.373-9.373 24.569-9.373 33.941 0L285.475 239.03c9.373 9.372 9.373 24.568.001 33.941z\"><\/path><\/svg>\t\t\t\t\t\t<\/span>\n\t\t\t\t\t\t\t\t\t\t<span class=\"elementor-icon-list-text\">Hier geht es zur Terminvereinbarung.<\/span>\n\t\t\t\t\t\t\t\t\t<\/li>\n\t\t\t\t\t\t<\/ul>\n\t\t\t\t\t\t<\/div>\n\t\t\t\t<\/div>\n\t\t\t\t<\/div>\n\t\t\t\t<\/a>\n\t\t\t\t<\/div>\n\t\t\t\t<\/div>\n\t\t\n\n\n\n<p>F\u00fcr die neuesten Looks, Inspirationen und Einblicke in unsere Arbeit laden wir dich ein, uns auf <strong>Instagram<\/strong> zu folgen! Hier posten wir regelm\u00e4\u00dfig <strong>Vorher-Nachher-Fotos<\/strong>, Produkt-Highlights und besondere Aktionen. <strong><a href=\"https:\/\/www.instagram.com\/chicandchill_haarbaendiger\/\">Folge uns hier auf Instagram<\/a><\/strong> und bleib immer auf dem Laufenden!<\/p>\n\n\n\n<hr class=\"wp-block-separator has-alpha-channel-opacity\"\/>\n\n\n\n<h3 class=\"wp-block-heading\"><strong>Wir suchen Verst\u00e4rkung!<\/strong><\/h3>\n\n\n\n<p>Um unsere Vision f\u00fcr die Zukunft weiter umzusetzen, suchen wir <strong>neue Teammitglieder<\/strong>. Wenn du leidenschaftlich gerne Haare stylst und in einem kreativen, dynamischen Team arbeiten m\u00f6chtest, dann melde dich bei uns! Egal, ob du Friseurmeister, Friseur oder in Ausbildung bist \u2013 wir bieten dir eine spannende M\u00f6glichkeit, in einem etablierten Salon mit moderner Ausrichtung zu arbeiten.<\/p>\n\n\n\n<p><strong>Bist du interessiert?<\/strong> <strong><a href=\"https:\/\/chicandchill.de\/#team\">Bewirb dich hier<\/a><\/strong> oder komm direkt bei uns vorbei, um mehr zu erfahren!<\/p>\n\n\n\n<hr class=\"wp-block-separator has-alpha-channel-opacity\"\/>\n\n\n\n<h3 class=\"wp-block-heading\"><strong>Unsere Preise bleiben stabil<\/strong><\/h3>\n\n\n\n<p>Wir wissen, dass Preisstabilit\u00e4t f\u00fcr unsere Kunden wichtig ist, gerade in unsicheren Zeiten. Deshalb m\u00f6chten wir betonen, dass unsere Preise regional stabil bleiben und du weiterhin den gewohnten Service zu fairen Preisen genie\u00dfen kannst.<\/p>\n\n\n\n<hr class=\"wp-block-separator has-alpha-channel-opacity\"\/>\n\n\n\n<h3 class=\"wp-block-heading\"><strong>Kundenfeedback ist uns wichtig<\/strong><\/h3>\n\n\n\n<p>Um unseren Service kontinuierlich zu verbessern, sind wir auf dein <strong>Feedback<\/strong> angewiesen. Teile uns mit, wie zufrieden du mit unseren Dienstleistungen bist, und gib uns eine <strong>Google-Bewertung<\/strong>. Dein Feedback hilft uns dabei, besser zu werden und weiterhin auf die Bed\u00fcrfnisse unserer Kunden einzugehen.<\/p>\n\n\n\n<p><strong><a href=\"https:\/\/maps.app.goo.gl\/rnXNSHxF8jeiP5Ee6\">Hier zur Google-Bewertung<\/a><\/strong> \u2013 Wir freuen uns auf deine Meinung!<\/p>\n\n\n\n<hr class=\"wp-block-separator has-alpha-channel-opacity\"\/>\n\n\n\n<p>Mit Robby Klier und seinem Team wirst du weiterhin in gewohnter Qualit\u00e4t verw\u00f6hnt \u2013 und wir freuen uns darauf, Chic &amp; Chill zu einem Ort zu machen, an dem sich jeder willkommen f\u00fchlt und der Service auf h\u00f6chstem Niveau geboten wird.<\/p>\n","protected":false},"excerpt":{"rendered":"<p>Seit Oktober 2024 erstrahlt der ehemalige Friseursalon Esthetics in Borna unter neuem Namen: Chic &#038; Chill. Mit gewohnt hoher Qualit\u00e4t, neuen Ideen und dem Team um Robby Klier hei\u00dfen wir Sie herzlich willkommen.<\/p>\n","protected":false},"author":125,"featured_media":8851,"comment_status":"open","ping_status":"open","sticky":false,"template":"","format":"standard","meta":{"_acf_changed":false,"_jetpack_memberships_contains_paid_content":false,"footnotes":"","jetpack_publicize_message":"","jetpack_publicize_feature_enabled":true,"jetpack_social_post_already_shared":false,"jetpack_social_options":{"image_generator_settings":{"template":"highway","default_image_id":0,"font":"","enabled":false},"version":2}},"categories":[14,981,1032],"tags":[],"job-kategorie":[],"location":[],"marken-brands":[],"spezialisiert":[],"class_list":["post-899","post","type-post","status-publish","format-standard","has-post-thumbnail","hentry","category-blog","category-startseite","category-timeline"],"acf":[],"yoast_head":"<!-- This site is optimized with the Yoast SEO plugin v27.5 - https:\/\/yoast.com\/product\/yoast-seo-wordpress\/ -->\n<title>Willkommen bei Chic &amp; Chill \u2013 Ein neuer Name, bew\u00e4hrte Qualit\u00e4t - Chic and Chill Friseur &amp; Barbier<\/title>\n<meta name=\"description\" content=\"Seit dem 01.10.2024 hat der Friseursalon Chic &amp; Chill in Borna seine T\u00fcren unter neuem Namen ge\u00f6ffnet. Der Salon, der zuvor unter dem Namen Esthetics bekannt war, wurde von Stefanie Kopp gef\u00fchrt.\" \/>\n<meta name=\"robots\" content=\"index, follow, max-snippet:-1, max-image-preview:large, max-video-preview:-1\" \/>\n<link rel=\"canonical\" href=\"https:\/\/chicandchill.de\/\/willkommen-bei-chic-chill-ein-neuer-name-bewaehrte-qualitaet\/\" \/>\n<meta property=\"og:locale\" content=\"de_DE\" \/>\n<meta property=\"og:type\" content=\"article\" \/>\n<meta property=\"og:title\" content=\"Willkommen bei Chic &amp; Chill \u2013 Ein neuer Name, bew\u00e4hrte Qualit\u00e4t - Chic and Chill Friseur &amp; Barbier\" \/>\n<meta property=\"og:description\" content=\"Seit dem 01.10.2024 hat der Friseursalon Chic &amp; Chill in Borna seine T\u00fcren unter neuem Namen ge\u00f6ffnet. Der Salon, der zuvor unter dem Namen Esthetics bekannt war, wurde von Stefanie Kopp gef\u00fchrt.\" \/>\n<meta property=\"og:url\" content=\"https:\/\/chicandchill.de\/\/willkommen-bei-chic-chill-ein-neuer-name-bewaehrte-qualitaet\/\" \/>\n<meta property=\"og:site_name\" content=\"Chic and Chill Friseur &amp; Barbier\" \/>\n<meta property=\"article:published_time\" content=\"2024-09-30T22:00:22+00:00\" \/>\n<meta property=\"article:modified_time\" content=\"2025-09-11T19:00:13+00:00\" \/>\n<meta property=\"og:image\" content=\"https:\/\/i0.wp.com\/chicandchill.de\/wp-content\/uploads\/2025\/08\/IMG_0531.webp?fit=1355%2C1806&ssl=1\" \/>\n\t<meta property=\"og:image:width\" content=\"1355\" \/>\n\t<meta property=\"og:image:height\" content=\"1806\" \/>\n\t<meta property=\"og:image:type\" content=\"image\/webp\" \/>\n<meta name=\"author\" content=\"By Chic &amp; Chill Team\" \/>\n<meta name=\"twitter:card\" content=\"summary_large_image\" \/>\n<meta name=\"twitter:label1\" content=\"Verfasst von\" \/>\n\t<meta name=\"twitter:data1\" content=\"By Chic &amp; Chill Team\" \/>\n\t<meta name=\"twitter:label2\" content=\"Gesch\u00e4tzte Lesezeit\" \/>\n\t<meta name=\"twitter:data2\" content=\"4\u00a0Minuten\" \/>\n<script type=\"application\/ld+json\" class=\"yoast-schema-graph\">{\"@context\":\"https:\\\/\\\/schema.org\",\"@graph\":[{\"@type\":\"Article\",\"@id\":\"https:\\\/\\\/chicandchill.de\\\/\\\/willkommen-bei-chic-chill-ein-neuer-name-bewaehrte-qualitaet\\\/#article\",\"isPartOf\":{\"@id\":\"https:\\\/\\\/chicandchill.de\\\/\\\/willkommen-bei-chic-chill-ein-neuer-name-bewaehrte-qualitaet\\\/\"},\"author\":{\"name\":\"By Chic &amp; Chill Team\",\"@id\":\"https:\\\/\\\/chicandchill.de\\\/#\\\/schema\\\/person\\\/73f5fc157422d4e9c4cc0877184db5f7\"},\"headline\":\"Willkommen bei Chic &#038; Chill \u2013 Ein neuer Name, bew\u00e4hrte Qualit\u00e4t\",\"datePublished\":\"2024-09-30T22:00:22+00:00\",\"dateModified\":\"2025-09-11T19:00:13+00:00\",\"mainEntityOfPage\":{\"@id\":\"https:\\\/\\\/chicandchill.de\\\/\\\/willkommen-bei-chic-chill-ein-neuer-name-bewaehrte-qualitaet\\\/\"},\"wordCount\":525,\"commentCount\":0,\"publisher\":{\"@id\":\"https:\\\/\\\/chicandchill.de\\\/#organization\"},\"image\":{\"@id\":\"https:\\\/\\\/chicandchill.de\\\/\\\/willkommen-bei-chic-chill-ein-neuer-name-bewaehrte-qualitaet\\\/#primaryimage\"},\"thumbnailUrl\":\"https:\\\/\\\/i0.wp.com\\\/chicandchill.de\\\/wp-content\\\/uploads\\\/2025\\\/08\\\/IMG_0531.webp?fit=1355%2C1806&ssl=1\",\"articleSection\":[\"Chicnews\",\"Startseite\",\"Timeline\"],\"inLanguage\":\"de\",\"potentialAction\":[{\"@type\":\"CommentAction\",\"name\":\"Comment\",\"target\":[\"https:\\\/\\\/chicandchill.de\\\/\\\/willkommen-bei-chic-chill-ein-neuer-name-bewaehrte-qualitaet\\\/#respond\"]}]},{\"@type\":\"WebPage\",\"@id\":\"https:\\\/\\\/chicandchill.de\\\/\\\/willkommen-bei-chic-chill-ein-neuer-name-bewaehrte-qualitaet\\\/\",\"url\":\"https:\\\/\\\/chicandchill.de\\\/\\\/willkommen-bei-chic-chill-ein-neuer-name-bewaehrte-qualitaet\\\/\",\"name\":\"Willkommen bei Chic & Chill \u2013 Ein neuer Name, bew\u00e4hrte Qualit\u00e4t - Chic and Chill Friseur &amp; Barbier\",\"isPartOf\":{\"@id\":\"https:\\\/\\\/chicandchill.de\\\/#website\"},\"primaryImageOfPage\":{\"@id\":\"https:\\\/\\\/chicandchill.de\\\/\\\/willkommen-bei-chic-chill-ein-neuer-name-bewaehrte-qualitaet\\\/#primaryimage\"},\"image\":{\"@id\":\"https:\\\/\\\/chicandchill.de\\\/\\\/willkommen-bei-chic-chill-ein-neuer-name-bewaehrte-qualitaet\\\/#primaryimage\"},\"thumbnailUrl\":\"https:\\\/\\\/i0.wp.com\\\/chicandchill.de\\\/wp-content\\\/uploads\\\/2025\\\/08\\\/IMG_0531.webp?fit=1355%2C1806&ssl=1\",\"datePublished\":\"2024-09-30T22:00:22+00:00\",\"dateModified\":\"2025-09-11T19:00:13+00:00\",\"description\":\"Seit dem 01.10.2024 hat der Friseursalon Chic & Chill in Borna seine T\u00fcren unter neuem Namen ge\u00f6ffnet. Der Salon, der zuvor unter dem Namen Esthetics bekannt war, wurde von Stefanie Kopp gef\u00fchrt.\",\"breadcrumb\":{\"@id\":\"https:\\\/\\\/chicandchill.de\\\/\\\/willkommen-bei-chic-chill-ein-neuer-name-bewaehrte-qualitaet\\\/#breadcrumb\"},\"inLanguage\":\"de\",\"potentialAction\":[{\"@type\":\"ReadAction\",\"target\":[\"https:\\\/\\\/chicandchill.de\\\/\\\/willkommen-bei-chic-chill-ein-neuer-name-bewaehrte-qualitaet\\\/\"]}]},{\"@type\":\"ImageObject\",\"inLanguage\":\"de\",\"@id\":\"https:\\\/\\\/chicandchill.de\\\/\\\/willkommen-bei-chic-chill-ein-neuer-name-bewaehrte-qualitaet\\\/#primaryimage\",\"url\":\"https:\\\/\\\/i0.wp.com\\\/chicandchill.de\\\/wp-content\\\/uploads\\\/2025\\\/08\\\/IMG_0531.webp?fit=1355%2C1806&ssl=1\",\"contentUrl\":\"https:\\\/\\\/i0.wp.com\\\/chicandchill.de\\\/wp-content\\\/uploads\\\/2025\\\/08\\\/IMG_0531.webp?fit=1355%2C1806&ssl=1\",\"width\":1355,\"height\":1806},{\"@type\":\"BreadcrumbList\",\"@id\":\"https:\\\/\\\/chicandchill.de\\\/\\\/willkommen-bei-chic-chill-ein-neuer-name-bewaehrte-qualitaet\\\/#breadcrumb\",\"itemListElement\":[{\"@type\":\"ListItem\",\"position\":1,\"name\":\"Startseite\",\"item\":\"https:\\\/\\\/chicandchill.de\\\/\"},{\"@type\":\"ListItem\",\"position\":2,\"name\":\"Willkommen bei Chic &#038; Chill \u2013 Ein neuer Name, bew\u00e4hrte Qualit\u00e4t\"}]},{\"@type\":\"WebSite\",\"@id\":\"https:\\\/\\\/chicandchill.de\\\/#website\",\"url\":\"https:\\\/\\\/chicandchill.de\\\/\",\"name\":\"Chic & Chill \u2013 Friseur in Borna bei Leipzig & Chemnitz\",\"description\":\"Dein Style. Unser Handwerk.\",\"publisher\":{\"@id\":\"https:\\\/\\\/chicandchill.de\\\/#organization\"},\"alternateName\":\"Chic & Chill Friseur Borna\",\"potentialAction\":[{\"@type\":\"SearchAction\",\"target\":{\"@type\":\"EntryPoint\",\"urlTemplate\":\"https:\\\/\\\/chicandchill.de\\\/?s={search_term_string}\"},\"query-input\":{\"@type\":\"PropertyValueSpecification\",\"valueRequired\":true,\"valueName\":\"search_term_string\"}}],\"inLanguage\":\"de\"},{\"@type\":\"Organization\",\"@id\":\"https:\\\/\\\/chicandchill.de\\\/#organization\",\"name\":\"Chic & Chill \u2013 Friseur in Borna bei Leipzig & Chemnitz\",\"alternateName\":\"Chic & Chill Friseur Borna\",\"url\":\"https:\\\/\\\/chicandchill.de\\\/\",\"logo\":{\"@type\":\"ImageObject\",\"inLanguage\":\"de\",\"@id\":\"https:\\\/\\\/chicandchill.de\\\/#\\\/schema\\\/logo\\\/image\\\/\",\"url\":\"https:\\\/\\\/i0.wp.com\\\/chicandchill.de\\\/wp-content\\\/uploads\\\/2024\\\/09\\\/Transparent-Logo.png?fit=2396%2C1221&ssl=1\",\"contentUrl\":\"https:\\\/\\\/i0.wp.com\\\/chicandchill.de\\\/wp-content\\\/uploads\\\/2024\\\/09\\\/Transparent-Logo.png?fit=2396%2C1221&ssl=1\",\"width\":2396,\"height\":1221,\"caption\":\"Chic & Chill \u2013 Friseur in Borna bei Leipzig & Chemnitz\"},\"image\":{\"@id\":\"https:\\\/\\\/chicandchill.de\\\/#\\\/schema\\\/logo\\\/image\\\/\"},\"sameAs\":[\"https:\\\/\\\/www.instagram.com\\\/chicandchill_haarbaendiger\\\/\"]},{\"@type\":\"Person\",\"@id\":\"https:\\\/\\\/chicandchill.de\\\/#\\\/schema\\\/person\\\/73f5fc157422d4e9c4cc0877184db5f7\",\"name\":\"By Chic &amp; Chill Team\",\"image\":{\"@type\":\"ImageObject\",\"inLanguage\":\"de\",\"@id\":\"https:\\\/\\\/secure.gravatar.com\\\/avatar\\\/e1dee2e83fff265e71976de0920b34d4b2870dedbae85ae12ea0988467c35257?s=96&d=mm&r=g\",\"url\":\"https:\\\/\\\/secure.gravatar.com\\\/avatar\\\/e1dee2e83fff265e71976de0920b34d4b2870dedbae85ae12ea0988467c35257?s=96&d=mm&r=g\",\"contentUrl\":\"https:\\\/\\\/secure.gravatar.com\\\/avatar\\\/e1dee2e83fff265e71976de0920b34d4b2870dedbae85ae12ea0988467c35257?s=96&d=mm&r=g\",\"caption\":\"By Chic &amp; Chill Team\"},\"url\":\"https:\\\/\\\/chicandchill.de\\\/\\\/author\\\/blogpost\\\/\"}]}<\/script>\n<!-- \/ Yoast SEO plugin. -->","yoast_head_json":{"title":"Willkommen bei Chic & Chill \u2013 Ein neuer Name, bew\u00e4hrte Qualit\u00e4t - Chic and Chill Friseur &amp; Barbier","description":"Seit dem 01.10.2024 hat der Friseursalon Chic & Chill in Borna seine T\u00fcren unter neuem Namen ge\u00f6ffnet. Der Salon, der zuvor unter dem Namen Esthetics bekannt war, wurde von Stefanie Kopp gef\u00fchrt.","robots":{"index":"index","follow":"follow","max-snippet":"max-snippet:-1","max-image-preview":"max-image-preview:large","max-video-preview":"max-video-preview:-1"},"canonical":"https:\/\/chicandchill.de\/\/willkommen-bei-chic-chill-ein-neuer-name-bewaehrte-qualitaet\/","og_locale":"de_DE","og_type":"article","og_title":"Willkommen bei Chic & Chill \u2013 Ein neuer Name, bew\u00e4hrte Qualit\u00e4t - Chic and Chill Friseur &amp; Barbier","og_description":"Seit dem 01.10.2024 hat der Friseursalon Chic & Chill in Borna seine T\u00fcren unter neuem Namen ge\u00f6ffnet. Der Salon, der zuvor unter dem Namen Esthetics bekannt war, wurde von Stefanie Kopp gef\u00fchrt.","og_url":"https:\/\/chicandchill.de\/\/willkommen-bei-chic-chill-ein-neuer-name-bewaehrte-qualitaet\/","og_site_name":"Chic and Chill Friseur &amp; Barbier","article_published_time":"2024-09-30T22:00:22+00:00","article_modified_time":"2025-09-11T19:00:13+00:00","og_image":[{"width":1355,"height":1806,"url":"https:\/\/i0.wp.com\/chicandchill.de\/wp-content\/uploads\/2025\/08\/IMG_0531.webp?fit=1355%2C1806&ssl=1","type":"image\/webp"}],"author":"By Chic &amp; Chill Team","twitter_card":"summary_large_image","twitter_misc":{"Verfasst von":"By Chic &amp; Chill Team","Gesch\u00e4tzte Lesezeit":"4\u00a0Minuten"},"schema":{"@context":"https:\/\/schema.org","@graph":[{"@type":"Article","@id":"https:\/\/chicandchill.de\/\/willkommen-bei-chic-chill-ein-neuer-name-bewaehrte-qualitaet\/#article","isPartOf":{"@id":"https:\/\/chicandchill.de\/\/willkommen-bei-chic-chill-ein-neuer-name-bewaehrte-qualitaet\/"},"author":{"name":"By Chic &amp; Chill Team","@id":"https:\/\/chicandchill.de\/#\/schema\/person\/73f5fc157422d4e9c4cc0877184db5f7"},"headline":"Willkommen bei Chic &#038; Chill \u2013 Ein neuer Name, bew\u00e4hrte Qualit\u00e4t","datePublished":"2024-09-30T22:00:22+00:00","dateModified":"2025-09-11T19:00:13+00:00","mainEntityOfPage":{"@id":"https:\/\/chicandchill.de\/\/willkommen-bei-chic-chill-ein-neuer-name-bewaehrte-qualitaet\/"},"wordCount":525,"commentCount":0,"publisher":{"@id":"https:\/\/chicandchill.de\/#organization"},"image":{"@id":"https:\/\/chicandchill.de\/\/willkommen-bei-chic-chill-ein-neuer-name-bewaehrte-qualitaet\/#primaryimage"},"thumbnailUrl":"https:\/\/i0.wp.com\/chicandchill.de\/wp-content\/uploads\/2025\/08\/IMG_0531.webp?fit=1355%2C1806&ssl=1","articleSection":["Chicnews","Startseite","Timeline"],"inLanguage":"de","potentialAction":[{"@type":"CommentAction","name":"Comment","target":["https:\/\/chicandchill.de\/\/willkommen-bei-chic-chill-ein-neuer-name-bewaehrte-qualitaet\/#respond"]}]},{"@type":"WebPage","@id":"https:\/\/chicandchill.de\/\/willkommen-bei-chic-chill-ein-neuer-name-bewaehrte-qualitaet\/","url":"https:\/\/chicandchill.de\/\/willkommen-bei-chic-chill-ein-neuer-name-bewaehrte-qualitaet\/","name":"Willkommen bei Chic & Chill \u2013 Ein neuer Name, bew\u00e4hrte Qualit\u00e4t - Chic and Chill Friseur &amp; Barbier","isPartOf":{"@id":"https:\/\/chicandchill.de\/#website"},"primaryImageOfPage":{"@id":"https:\/\/chicandchill.de\/\/willkommen-bei-chic-chill-ein-neuer-name-bewaehrte-qualitaet\/#primaryimage"},"image":{"@id":"https:\/\/chicandchill.de\/\/willkommen-bei-chic-chill-ein-neuer-name-bewaehrte-qualitaet\/#primaryimage"},"thumbnailUrl":"https:\/\/i0.wp.com\/chicandchill.de\/wp-content\/uploads\/2025\/08\/IMG_0531.webp?fit=1355%2C1806&ssl=1","datePublished":"2024-09-30T22:00:22+00:00","dateModified":"2025-09-11T19:00:13+00:00","description":"Seit dem 01.10.2024 hat der Friseursalon Chic & Chill in Borna seine T\u00fcren unter neuem Namen ge\u00f6ffnet. Der Salon, der zuvor unter dem Namen Esthetics bekannt war, wurde von Stefanie Kopp gef\u00fchrt.","breadcrumb":{"@id":"https:\/\/chicandchill.de\/\/willkommen-bei-chic-chill-ein-neuer-name-bewaehrte-qualitaet\/#breadcrumb"},"inLanguage":"de","potentialAction":[{"@type":"ReadAction","target":["https:\/\/chicandchill.de\/\/willkommen-bei-chic-chill-ein-neuer-name-bewaehrte-qualitaet\/"]}]},{"@type":"ImageObject","inLanguage":"de","@id":"https:\/\/chicandchill.de\/\/willkommen-bei-chic-chill-ein-neuer-name-bewaehrte-qualitaet\/#primaryimage","url":"https:\/\/i0.wp.com\/chicandchill.de\/wp-content\/uploads\/2025\/08\/IMG_0531.webp?fit=1355%2C1806&ssl=1","contentUrl":"https:\/\/i0.wp.com\/chicandchill.de\/wp-content\/uploads\/2025\/08\/IMG_0531.webp?fit=1355%2C1806&ssl=1","width":1355,"height":1806},{"@type":"BreadcrumbList","@id":"https:\/\/chicandchill.de\/\/willkommen-bei-chic-chill-ein-neuer-name-bewaehrte-qualitaet\/#breadcrumb","itemListElement":[{"@type":"ListItem","position":1,"name":"Startseite","item":"https:\/\/chicandchill.de\/"},{"@type":"ListItem","position":2,"name":"Willkommen bei Chic &#038; Chill \u2013 Ein neuer Name, bew\u00e4hrte Qualit\u00e4t"}]},{"@type":"WebSite","@id":"https:\/\/chicandchill.de\/#website","url":"https:\/\/chicandchill.de\/","name":"Chic & Chill \u2013 Friseur in Borna bei Leipzig & Chemnitz","description":"Dein Style. Unser Handwerk.","publisher":{"@id":"https:\/\/chicandchill.de\/#organization"},"alternateName":"Chic & Chill Friseur Borna","potentialAction":[{"@type":"SearchAction","target":{"@type":"EntryPoint","urlTemplate":"https:\/\/chicandchill.de\/?s={search_term_string}"},"query-input":{"@type":"PropertyValueSpecification","valueRequired":true,"valueName":"search_term_string"}}],"inLanguage":"de"},{"@type":"Organization","@id":"https:\/\/chicandchill.de\/#organization","name":"Chic & Chill \u2013 Friseur in Borna bei Leipzig & Chemnitz","alternateName":"Chic & Chill Friseur Borna","url":"https:\/\/chicandchill.de\/","logo":{"@type":"ImageObject","inLanguage":"de","@id":"https:\/\/chicandchill.de\/#\/schema\/logo\/image\/","url":"https:\/\/i0.wp.com\/chicandchill.de\/wp-content\/uploads\/2024\/09\/Transparent-Logo.png?fit=2396%2C1221&ssl=1","contentUrl":"https:\/\/i0.wp.com\/chicandchill.de\/wp-content\/uploads\/2024\/09\/Transparent-Logo.png?fit=2396%2C1221&ssl=1","width":2396,"height":1221,"caption":"Chic & Chill \u2013 Friseur in Borna bei Leipzig & Chemnitz"},"image":{"@id":"https:\/\/chicandchill.de\/#\/schema\/logo\/image\/"},"sameAs":["https:\/\/www.instagram.com\/chicandchill_haarbaendiger\/"]},{"@type":"Person","@id":"https:\/\/chicandchill.de\/#\/schema\/person\/73f5fc157422d4e9c4cc0877184db5f7","name":"By Chic &amp; Chill Team","image":{"@type":"ImageObject","inLanguage":"de","@id":"https:\/\/secure.gravatar.com\/avatar\/e1dee2e83fff265e71976de0920b34d4b2870dedbae85ae12ea0988467c35257?s=96&d=mm&r=g","url":"https:\/\/secure.gravatar.com\/avatar\/e1dee2e83fff265e71976de0920b34d4b2870dedbae85ae12ea0988467c35257?s=96&d=mm&r=g","contentUrl":"https:\/\/secure.gravatar.com\/avatar\/e1dee2e83fff265e71976de0920b34d4b2870dedbae85ae12ea0988467c35257?s=96&d=mm&r=g","caption":"By Chic &amp; Chill Team"},"url":"https:\/\/chicandchill.de\/\/author\/blogpost\/"}]}},"jetpack_publicize_connections":[],"jetpack_featured_media_url":"https:\/\/i0.wp.com\/chicandchill.de\/wp-content\/uploads\/2025\/08\/IMG_0531.webp?fit=1355%2C1806&ssl=1","jetpack_sharing_enabled":true,"_links":{"self":[{"href":"https:\/\/chicandchill.de\/\/wp-json\/wp\/v2\/posts\/899","targetHints":{"allow":["GET"]}}],"collection":[{"href":"https:\/\/chicandchill.de\/\/wp-json\/wp\/v2\/posts"}],"about":[{"href":"https:\/\/chicandchill.de\/\/wp-json\/wp\/v2\/types\/post"}],"author":[{"embeddable":true,"href":"https:\/\/chicandchill.de\/\/wp-json\/wp\/v2\/users\/125"}],"replies":[{"embeddable":true,"href":"https:\/\/chicandchill.de\/\/wp-json\/wp\/v2\/comments?post=899"}],"version-history":[{"count":3,"href":"https:\/\/chicandchill.de\/\/wp-json\/wp\/v2\/posts\/899\/revisions"}],"predecessor-version":[{"id":11872,"href":"https:\/\/chicandchill.de\/\/wp-json\/wp\/v2\/posts\/899\/revisions\/11872"}],"wp:featuredmedia":[{"embeddable":true,"href":"https:\/\/chicandchill.de\/\/wp-json\/wp\/v2\/media\/8851"}],"wp:attachment":[{"href":"https:\/\/chicandchill.de\/\/wp-json\/wp\/v2\/media?parent=899"}],"wp:term":[{"taxonomy":"category","embeddable":true,"href":"https:\/\/chicandchill.de\/\/wp-json\/wp\/v2\/categories?post=899"},{"taxonomy":"post_tag","embeddable":true,"href":"https:\/\/chicandchill.de\/\/wp-json\/wp\/v2\/tags?post=899"},{"taxonomy":"job-kategorie","embeddable":true,"href":"https:\/\/chicandchill.de\/\/wp-json\/wp\/v2\/job-kategorie?post=899"},{"taxonomy":"location","embeddable":true,"href":"https:\/\/chicandchill.de\/\/wp-json\/wp\/v2\/location?post=899"},{"taxonomy":"marken-brands","embeddable":true,"href":"https:\/\/chicandchill.de\/\/wp-json\/wp\/v2\/marken-brands?post=899"},{"taxonomy":"spezialisiert","embeddable":true,"href":"https:\/\/chicandchill.de\/\/wp-json\/wp\/v2\/spezialisiert?post=899"}],"curies":[{"name":"wp","href":"https:\/\/api.w.org\/{rel}","templated":true}]}}