{"id":5970,"date":"2025-06-04T13:22:04","date_gmt":"2025-06-04T11:22:04","guid":{"rendered":"https:\/\/chicandchill.de\/?p=5970"},"modified":"2026-01-18T03:14:53","modified_gmt":"2026-01-18T02:14:53","slug":"babylights-der-zarte-weg-zu-natuerlichem-glanz","status":"publish","type":"post","link":"https:\/\/chicandchill.de\/\/babylights-der-zarte-weg-zu-natuerlichem-glanz\/","title":{"rendered":"Babylights in Borna: Zarte Highlights f\u00fcr nat\u00fcrlichen Glanz"},"content":{"rendered":"\n<p>Du w\u00fcnschst dir sonnengek\u00fcsste Highlights, die aussehen, als k\u00e4men sie von selbst? Dann sind <em>Babylights<\/em> genau das Richtige. Diese hauchzarte Str\u00e4hnchen\u2011Technik kreiert feine Lichtreflexe, die sich sanft in dein Haar einf\u00fcgen und deinen Teint zum Leuchten bringen. Im Salon Chic&nbsp;&amp;&nbsp;Chill in Borna setzen wir Babylights ein, um dir einen frischen, nat\u00fcrlichen Look zu schenken \u2013 ohne drastische Ver\u00e4nderung.<\/p>\n\n\n\n<p>In diesem Artikel erf\u00e4hrst du, was Babylights ausmacht, wem sie besonders stehen und wie wir sie bei uns im Salon kombinieren. Au\u00dferdem bekommst du Tipps zur Pflege und Antworten auf h\u00e4ufige Fragen.<\/p>\n\n\n\n<h2 class=\"wp-block-heading\">Inhaltsverzeichnis<\/h2>\n\n\n\n<ul class=\"wp-block-list\">\n<li><a href=\"#was-sind-babylights\">Was sind Babylights?<\/a><\/li>\n\n\n\n<li><a href=\"#vorteile\">Vorteile von Babylights<\/a><\/li>\n\n\n\n<li><a href=\"#zielgruppe\">F\u00fcr wen eignen sich Babylights?<\/a><\/li>\n\n\n\n<li><a href=\"#unsere-methode\">Unsere Methode in Borna<\/a><\/li>\n\n\n\n<li><a href=\"#pflege\">Pflege &amp; Haltbarkeit<\/a><\/li>\n\n\n\n<li><a href=\"#faq\">FAQs zu Babylights<\/a><\/li>\n<\/ul>\n\n\n\n<h2 class=\"wp-block-heading\" id=\"was-sind-babylights\">Was sind Babylights?<\/h2>\n\n\n\n<p>Babylights sind ultrafeine Highlights, die an die nat\u00fcrliche Aufhellung von Kinderhaar erinnern. Anders als bei klassischen Str\u00e4hnen werden nur winzige Haarpartien in feiner Webtechnik abgeteilt und in Folien gef\u00e4rbt. So entsteht ein weicher \u00dcbergang ohne harte Kontraste. Der Effekt: dezent aufgehelltes Haar mit gl\u00e4nzender Tiefe \u2013 perfekt f\u00fcr alle, die <strong>Friseur&nbsp;Borna<\/strong> besuchen und sich einen nat\u00fcrlichen Look w\u00fcnschen.<\/p>\n\n\n\n<h2 class=\"wp-block-heading\" id=\"vorteile\">Vorteile von Babylights<\/h2>\n\n\n\n<ul class=\"wp-block-list\">\n<li><strong>Nat\u00fcrlicher Glanz:<\/strong> Babylights bringen Licht ins Haar, ohne k\u00fcnstlich zu wirken.<\/li>\n\n\n\n<li><strong>Weiche \u00dcberg\u00e4nge:<\/strong> Es entsteht kein sichtbarer Ansatz, sodass der Look lange frisch bleibt.<\/li>\n\n\n\n<li><strong>Lange Haltbarkeit:<\/strong> Die feinen Str\u00e4hnen wachsen harmonisch mit \u2013 ideal, wenn du deine Farbe selten auffrischen m\u00f6chtest.<\/li>\n\n\n\n<li><strong>Kombinationsm\u00f6glichkeiten:<\/strong> L\u00e4sst sich hervorragend mit <a href=\"https:\/\/chicandchill.de\/2025\/05\/30\/balayage-der-weg-zu-natuerlichem-glanz-und-sonnengekuesster-farbe\/\">Balayage<\/a>, <a href=\"https:\/\/chicandchill.de\/2025\/07\/06\/face-framing-lichtspiel-fuers-gesicht\/\">Face&nbsp;Framing<\/a> oder einem <a href=\"https:\/\/chicandchill.de\/2025\/04\/04\/glossing-der-sofort-glow-fuer-dein-haar\/\">Glossing<\/a> kombinieren, um noch mehr Dimension zu schaffen.<\/li>\n\n\n\n<li><strong>Sanfter Einstieg:<\/strong> Ideal f\u00fcr Erstf\u00e4rber:innen oder alle, die sich eine dezente Ver\u00e4nderung w\u00fcnschen.<\/li>\n<\/ul>\n\n\n\n<h2 class=\"wp-block-heading\" id=\"zielgruppe\">F\u00fcr wen eignen sich Babylights?<\/h2>\n\n\n\n<p>Babylights passen zu nahezu jeder Haarfarbe und jedem Haartyp. Besonders geeignet sind sie f\u00fcr:<\/p>\n\n\n\n<ul class=\"wp-block-list\">\n<li>Alle, die einen weichen, nat\u00fcrlichen Look bevorzugen.<\/li>\n\n\n\n<li>Erstf\u00e4rber:innen, die eine subtile Ver\u00e4nderung w\u00fcnschen.<\/li>\n\n\n\n<li>Menschen, die mehr Tiefe und Bewegung ins Haar bringen m\u00f6chten.<\/li>\n\n\n\n<li>Blondinen, die Dimension schaffen wollen, ohne platinhell zu wirken.<\/li>\n\n\n\n<li>Herren und Kinder \u2013 auch bei <a href=\"https:\/\/chicandchill.de\/2025\/07\/06\/long-bob-lob-der-wandelbare-haarschnitt-fuer-modernen-style-mit-leichtigkeit\/\">Long&nbsp;Bob<\/a> oder <a href=\"https:\/\/chicandchill.de\/2025\/05\/04\/der-pixie-cut-statement-stil-selbstbewusstsein\/\">Pixie&nbsp;Cut<\/a> wirkt die Technik nat\u00fcrlich und modern.<\/li>\n<\/ul>\n\n\n\n<h2 class=\"wp-block-heading\" id=\"unsere-methode\">Unsere Methode in Borna<\/h2>\n\n\n\n<p>Bei Chic&nbsp;&amp;&nbsp;Chill arbeiten wir mit viel Feingef\u00fchl und Pr\u00e4zision. Unsere erfahrenen Colorist:innen teilen winzige Str\u00e4hnchen ab und legen sie in Folie, um ein gleichm\u00e4\u00dfiges Ergebnis zu erzielen. Vorher analysieren wir deine Haarstruktur und besprechen deine W\u00fcnsche. Die Babylights lassen sich perfekt mit anderen Techniken wie <a href=\"https:\/\/chicandchill.de\/2025\/05\/30\/balayage-der-weg-zu-natuerlichem-glanz-und-sonnengekuesster-farbe\/\">Balayage<\/a>, <a href=\"https:\/\/chicandchill.de\/2025\/07\/06\/face-framing-lichtspiel-fuers-gesicht\/\">Face&nbsp;Framing<\/a> oder einem <a href=\"https:\/\/chicandchill.de\/2025\/04\/04\/glossing-der-sofort-glow-fuer-dein-haar\/\">Glossing<\/a> kombinieren, um noch mehr Dimension und Glanz zu erzielen.<\/p>\n\n\n\n<h2 class=\"wp-block-heading\" id=\"pflege\">Pflege &amp; Haltbarkeit<\/h2>\n\n\n\n<p>Damit dein Babylights\u2011Look lange frisch bleibt, ist die richtige Pflege entscheidend. Verwende ein farbsch\u00fctzendes Shampoo, reichhaltige Conditioner und regelm\u00e4\u00dfige Feuchtigkeitsmasken. Produkte wie Redken Color Extend sind ideal. Zus\u00e4tzlich empfehlen wir ein Glossing alle paar Wochen, um den Glanz zu intensivieren und den Farbton aufzufrischen.<\/p>\n\n\n\n<h2 class=\"wp-block-heading\" id=\"faq\">FAQs zu Babylights<\/h2>\n\n\n\n<p><strong>Wie lange dauert eine Babylights Behandlung?<\/strong><br>Je nach Haarl\u00e4nge und gew\u00fcnschtem Effekt solltest du etwa zwei bis drei Stunden einplanen.<\/p>\n\n\n\n<p><strong>Wie oft m\u00fcssen Babylights nachgef\u00e4rbt werden?<\/strong><br>Da die Highlights sehr fein sind, kannst du den Terminabstand verl\u00e4ngern. Nach sechs bis acht Wochen empfiehlt sich eine Auffrischung.<\/p>\n\n\n\n<p><strong>Kann man Babylights mit Balayage kombinieren?<\/strong><br>Ja! Babylights lassen sich hervorragend mit Balayage oder Face&nbsp;Framing kombinieren, um mehr Tiefe und Lichtspiele zu schaffen.<\/p>\n\n\n\n<p><strong>Eignen sich Babylights auch f\u00fcr dunkles Haar?<\/strong><br>Absolut. Besonders bei Br\u00fcnett\u2011 oder Kupfert\u00f6nen sorgen die feinen Str\u00e4hnen f\u00fcr dezente Schimmer und dimensionale Effekte.<\/p>\n\n\n\n<h2 class=\"wp-block-heading\">Fazit &amp; Buche jetzt!<\/h2>\n\n\n\n<p>Babylights sind der perfekte Frischekick f\u00fcr dein Haar: Sie bringen nat\u00fcrlichen Glanz und weiche \u00dcberg\u00e4nge, ohne deine Ausgangsfarbe zu dominieren. Ob als sanfte Aufhellung oder als Erg\u00e4nzung zu anderen Farbtechniken \u2013 Babylights passen sich deinem Stil an und lassen dich gepflegt und modern wirken.<\/p>\n\n\n\n<p><strong>Bereit f\u00fcr deinen neuen Glow?<\/strong> <a href=\"https:\/\/chicandchill.de\/standorte\/\">Buche jetzt deinen Termin<\/a> bei Chic\u00a0&amp;\u00a0Chill in Borna oder komm spontan vorbei. Wir freuen uns darauf, dir mit zarten Babylights ein Strahlen zu schenken!<\/p>\n\n\n\n<script type=\"application\/ld+json\">\n{\n  \"@context\": \"https:\/\/schema.org\",\n  \"@type\": \"FAQPage\",\n  \"mainEntity\": [\n    {\n      \"@type\": \"Question\",\n      \"name\": \"Wie lange dauert eine Babylights Behandlung?\",\n      \"acceptedAnswer\": {\n        \"@type\": \"Answer\",\n        \"text\": \"Je nach Haarl\u00e4nge und gew\u00fcnschtem Effekt solltest du etwa zwei bis drei Stunden einplanen.\"\n      }\n    },\n    {\n      \"@type\": \"Question\",\n      \"name\": \"Wie oft m\u00fcssen Babylights nachgef\u00e4rbt werden?\",\n      \"acceptedAnswer\": {\n        \"@type\": \"Answer\",\n        \"text\": \"Da die Highlights sehr fein sind, kannst du den Terminabstand verl\u00e4ngern. Nach sechs bis acht Wochen empfiehlt sich eine Auffrischung.\"\n      }\n    },\n    {\n      \"@type\": \"Question\",\n      \"name\": \"Kann man Babylights mit Balayage kombinieren?\",\n      \"acceptedAnswer\": {\n        \"@type\": \"Answer\",\n        \"text\": \"Ja! Babylights lassen sich hervorragend mit Balayage oder Face Framing kombinieren, um mehr Tiefe und Lichtspiele zu schaffen.\"\n      }\n    },\n    {\n      \"@type\": \"Question\",\n      \"name\": \"Eignen sich Babylights auch f\u00fcr dunkles Haar?\",\n      \"acceptedAnswer\": {\n        \"@type\": \"Answer\",\n        \"text\": \"Absolut. Besonders bei Br\u00fcnett- oder Kupfert\u00f6nen sorgen die feinen Str\u00e4hnen f\u00fcr dezente Schimmer und dimensionale Effekte.\"\n      }\n    }\n  ]\n}\n<\/script>\n","protected":false},"excerpt":{"rendered":"<p>Du w\u00fcnschst dir sonnengek\u00fcsste Highlights, die aussehen, als k\u00e4men sie von selbst? Dann sind Babylights genau das Richtige. Diese hauchzarte Str\u00e4hnchen\u2011Technik kreiert feine Lichtreflexe, die sich sanft in dein Haar einf\u00fcgen und deinen Teint zum Leuchten bringen. Im Salon Chic&nbsp;&amp;&nbsp;Chill in Borna setzen wir Babylights ein, um dir einen frischen, nat\u00fcrlichen Look zu schenken \u2013 [&hellip;]<\/p>\n","protected":false},"author":125,"featured_media":6052,"comment_status":"open","ping_status":"open","sticky":false,"template":"","format":"standard","meta":{"_acf_changed":false,"_jetpack_memberships_contains_paid_content":false,"footnotes":"","jetpack_publicize_message":"","jetpack_publicize_feature_enabled":false,"jetpack_social_post_already_shared":false,"jetpack_social_options":{"image_generator_settings":{"template":"highway","default_image_id":0,"enabled":false},"version":2}},"categories":[14],"tags":[950],"job-kategorie":[],"location":[],"marken-brands":[],"spezialisiert":[],"class_list":["post-5970","post","type-post","status-publish","format-standard","has-post-thumbnail","hentry","category-blog","tag-damen"],"acf":[],"yoast_head":"<!-- This site is optimized with the Yoast SEO plugin v27.5 - https:\/\/yoast.com\/product\/yoast-seo-wordpress\/ -->\n<title>Friseur Borna: Babylights \u2013 Zarte Highlights | Chic &amp; Chill<\/title>\n<meta name=\"description\" content=\"Zarte Babylights bei Chic &amp; Chill in Borna: nat\u00fcrlicher Glanz, weiche \u00dcberg\u00e4nge. Perfekt f\u00fcr dezente Highlights. Jetzt Termin buchen!\" \/>\n<meta name=\"robots\" content=\"index, follow, max-snippet:-1, max-image-preview:large, max-video-preview:-1\" \/>\n<link rel=\"canonical\" href=\"https:\/\/chicandchill.de\/\/babylights-der-zarte-weg-zu-natuerlichem-glanz\/\" \/>\n<meta property=\"og:locale\" content=\"de_DE\" \/>\n<meta property=\"og:type\" content=\"article\" \/>\n<meta property=\"og:title\" content=\"Friseur Borna: Babylights \u2013 Zarte Highlights | Chic &amp; Chill\" \/>\n<meta property=\"og:description\" content=\"Zarte Babylights bei Chic &amp; Chill in Borna: nat\u00fcrlicher Glanz, weiche \u00dcberg\u00e4nge. Perfekt f\u00fcr dezente Highlights. Jetzt Termin buchen!\" \/>\n<meta property=\"og:url\" content=\"https:\/\/chicandchill.de\/\/babylights-der-zarte-weg-zu-natuerlichem-glanz\/\" \/>\n<meta property=\"og:site_name\" content=\"Chic and Chill Friseur &amp; Barbier\" \/>\n<meta property=\"article:published_time\" content=\"2025-06-04T11:22:04+00:00\" \/>\n<meta property=\"article:modified_time\" content=\"2026-01-18T02:14:53+00:00\" \/>\n<meta property=\"og:image\" content=\"https:\/\/i0.wp.com\/chicandchill.de\/wp-content\/uploads\/2025\/06\/babylights-01-scaled.webp?fit=1707%2C2560&ssl=1\" \/>\n\t<meta property=\"og:image:width\" content=\"1707\" \/>\n\t<meta property=\"og:image:height\" content=\"2560\" \/>\n\t<meta property=\"og:image:type\" content=\"image\/webp\" \/>\n<meta name=\"author\" content=\"By Chic &amp; Chill Team\" \/>\n<meta name=\"twitter:card\" content=\"summary_large_image\" \/>\n<meta name=\"twitter:label1\" content=\"Verfasst von\" \/>\n\t<meta name=\"twitter:data1\" content=\"By Chic &amp; Chill Team\" \/>\n\t<meta name=\"twitter:label2\" content=\"Gesch\u00e4tzte Lesezeit\" \/>\n\t<meta name=\"twitter:data2\" content=\"4\u00a0Minuten\" \/>\n<script type=\"application\/ld+json\" class=\"yoast-schema-graph\">{\"@context\":\"https:\\\/\\\/schema.org\",\"@graph\":[{\"@type\":\"Article\",\"@id\":\"https:\\\/\\\/chicandchill.de\\\/\\\/babylights-der-zarte-weg-zu-natuerlichem-glanz\\\/#article\",\"isPartOf\":{\"@id\":\"https:\\\/\\\/chicandchill.de\\\/\\\/babylights-der-zarte-weg-zu-natuerlichem-glanz\\\/\"},\"author\":{\"name\":\"By Chic &amp; Chill Team\",\"@id\":\"https:\\\/\\\/chicandchill.de\\\/#\\\/schema\\\/person\\\/73f5fc157422d4e9c4cc0877184db5f7\"},\"headline\":\"Babylights in Borna: Zarte Highlights f\u00fcr nat\u00fcrlichen Glanz\",\"datePublished\":\"2025-06-04T11:22:04+00:00\",\"dateModified\":\"2026-01-18T02:14:53+00:00\",\"mainEntityOfPage\":{\"@id\":\"https:\\\/\\\/chicandchill.de\\\/\\\/babylights-der-zarte-weg-zu-natuerlichem-glanz\\\/\"},\"wordCount\":687,\"commentCount\":0,\"publisher\":{\"@id\":\"https:\\\/\\\/chicandchill.de\\\/#organization\"},\"image\":{\"@id\":\"https:\\\/\\\/chicandchill.de\\\/\\\/babylights-der-zarte-weg-zu-natuerlichem-glanz\\\/#primaryimage\"},\"thumbnailUrl\":\"https:\\\/\\\/i0.wp.com\\\/chicandchill.de\\\/wp-content\\\/uploads\\\/2025\\\/06\\\/babylights-01-scaled.webp?fit=1707%2C2560&ssl=1\",\"keywords\":[\"Damen \u2013 Dein Friseur f\u00fcr Farbe, Schnitt &amp; Styling in Borna\"],\"articleSection\":[\"Chicnews\"],\"inLanguage\":\"de\",\"potentialAction\":[{\"@type\":\"CommentAction\",\"name\":\"Comment\",\"target\":[\"https:\\\/\\\/chicandchill.de\\\/\\\/babylights-der-zarte-weg-zu-natuerlichem-glanz\\\/#respond\"]}]},{\"@type\":\"WebPage\",\"@id\":\"https:\\\/\\\/chicandchill.de\\\/\\\/babylights-der-zarte-weg-zu-natuerlichem-glanz\\\/\",\"url\":\"https:\\\/\\\/chicandchill.de\\\/\\\/babylights-der-zarte-weg-zu-natuerlichem-glanz\\\/\",\"name\":\"Friseur Borna: Babylights \u2013 Zarte Highlights | Chic & Chill\",\"isPartOf\":{\"@id\":\"https:\\\/\\\/chicandchill.de\\\/#website\"},\"primaryImageOfPage\":{\"@id\":\"https:\\\/\\\/chicandchill.de\\\/\\\/babylights-der-zarte-weg-zu-natuerlichem-glanz\\\/#primaryimage\"},\"image\":{\"@id\":\"https:\\\/\\\/chicandchill.de\\\/\\\/babylights-der-zarte-weg-zu-natuerlichem-glanz\\\/#primaryimage\"},\"thumbnailUrl\":\"https:\\\/\\\/i0.wp.com\\\/chicandchill.de\\\/wp-content\\\/uploads\\\/2025\\\/06\\\/babylights-01-scaled.webp?fit=1707%2C2560&ssl=1\",\"datePublished\":\"2025-06-04T11:22:04+00:00\",\"dateModified\":\"2026-01-18T02:14:53+00:00\",\"description\":\"Zarte Babylights bei Chic & Chill in Borna: nat\u00fcrlicher Glanz, weiche \u00dcberg\u00e4nge. Perfekt f\u00fcr dezente Highlights. Jetzt Termin buchen!\",\"breadcrumb\":{\"@id\":\"https:\\\/\\\/chicandchill.de\\\/\\\/babylights-der-zarte-weg-zu-natuerlichem-glanz\\\/#breadcrumb\"},\"inLanguage\":\"de\",\"potentialAction\":[{\"@type\":\"ReadAction\",\"target\":[\"https:\\\/\\\/chicandchill.de\\\/\\\/babylights-der-zarte-weg-zu-natuerlichem-glanz\\\/\"]}]},{\"@type\":\"ImageObject\",\"inLanguage\":\"de\",\"@id\":\"https:\\\/\\\/chicandchill.de\\\/\\\/babylights-der-zarte-weg-zu-natuerlichem-glanz\\\/#primaryimage\",\"url\":\"https:\\\/\\\/i0.wp.com\\\/chicandchill.de\\\/wp-content\\\/uploads\\\/2025\\\/06\\\/babylights-01-scaled.webp?fit=1707%2C2560&ssl=1\",\"contentUrl\":\"https:\\\/\\\/i0.wp.com\\\/chicandchill.de\\\/wp-content\\\/uploads\\\/2025\\\/06\\\/babylights-01-scaled.webp?fit=1707%2C2560&ssl=1\",\"width\":1707,\"height\":2560},{\"@type\":\"BreadcrumbList\",\"@id\":\"https:\\\/\\\/chicandchill.de\\\/\\\/babylights-der-zarte-weg-zu-natuerlichem-glanz\\\/#breadcrumb\",\"itemListElement\":[{\"@type\":\"ListItem\",\"position\":1,\"name\":\"Startseite\",\"item\":\"https:\\\/\\\/chicandchill.de\\\/\"},{\"@type\":\"ListItem\",\"position\":2,\"name\":\"Babylights in Borna: Zarte Highlights f\u00fcr nat\u00fcrlichen Glanz\"}]},{\"@type\":\"WebSite\",\"@id\":\"https:\\\/\\\/chicandchill.de\\\/#website\",\"url\":\"https:\\\/\\\/chicandchill.de\\\/\",\"name\":\"Chic & Chill \u2013 Friseur in Borna bei Leipzig & Chemnitz\",\"description\":\"Dein Style. Unser Handwerk.\",\"publisher\":{\"@id\":\"https:\\\/\\\/chicandchill.de\\\/#organization\"},\"alternateName\":\"Chic & Chill Friseur Borna\",\"potentialAction\":[{\"@type\":\"SearchAction\",\"target\":{\"@type\":\"EntryPoint\",\"urlTemplate\":\"https:\\\/\\\/chicandchill.de\\\/?s={search_term_string}\"},\"query-input\":{\"@type\":\"PropertyValueSpecification\",\"valueRequired\":true,\"valueName\":\"search_term_string\"}}],\"inLanguage\":\"de\"},{\"@type\":\"Organization\",\"@id\":\"https:\\\/\\\/chicandchill.de\\\/#organization\",\"name\":\"Chic & Chill \u2013 Friseur in Borna bei Leipzig & Chemnitz\",\"alternateName\":\"Chic & Chill Friseur Borna\",\"url\":\"https:\\\/\\\/chicandchill.de\\\/\",\"logo\":{\"@type\":\"ImageObject\",\"inLanguage\":\"de\",\"@id\":\"https:\\\/\\\/chicandchill.de\\\/#\\\/schema\\\/logo\\\/image\\\/\",\"url\":\"https:\\\/\\\/i0.wp.com\\\/chicandchill.de\\\/wp-content\\\/uploads\\\/2024\\\/09\\\/Transparent-Logo.png?fit=2396%2C1221&ssl=1\",\"contentUrl\":\"https:\\\/\\\/i0.wp.com\\\/chicandchill.de\\\/wp-content\\\/uploads\\\/2024\\\/09\\\/Transparent-Logo.png?fit=2396%2C1221&ssl=1\",\"width\":2396,\"height\":1221,\"caption\":\"Chic & Chill \u2013 Friseur in Borna bei Leipzig & Chemnitz\"},\"image\":{\"@id\":\"https:\\\/\\\/chicandchill.de\\\/#\\\/schema\\\/logo\\\/image\\\/\"},\"sameAs\":[\"https:\\\/\\\/www.instagram.com\\\/chicandchill_haarbaendiger\\\/\"]},{\"@type\":\"Person\",\"@id\":\"https:\\\/\\\/chicandchill.de\\\/#\\\/schema\\\/person\\\/73f5fc157422d4e9c4cc0877184db5f7\",\"name\":\"By Chic &amp; Chill Team\",\"image\":{\"@type\":\"ImageObject\",\"inLanguage\":\"de\",\"@id\":\"https:\\\/\\\/secure.gravatar.com\\\/avatar\\\/e1dee2e83fff265e71976de0920b34d4b2870dedbae85ae12ea0988467c35257?s=96&d=mm&r=g\",\"url\":\"https:\\\/\\\/secure.gravatar.com\\\/avatar\\\/e1dee2e83fff265e71976de0920b34d4b2870dedbae85ae12ea0988467c35257?s=96&d=mm&r=g\",\"contentUrl\":\"https:\\\/\\\/secure.gravatar.com\\\/avatar\\\/e1dee2e83fff265e71976de0920b34d4b2870dedbae85ae12ea0988467c35257?s=96&d=mm&r=g\",\"caption\":\"By Chic &amp; Chill Team\"},\"url\":\"https:\\\/\\\/chicandchill.de\\\/\\\/author\\\/blogpost\\\/\"}]}<\/script>\n<!-- \/ Yoast SEO plugin. -->","yoast_head_json":{"title":"Friseur Borna: Babylights \u2013 Zarte Highlights | Chic & Chill","description":"Zarte Babylights bei Chic & Chill in Borna: nat\u00fcrlicher Glanz, weiche \u00dcberg\u00e4nge. Perfekt f\u00fcr dezente Highlights. Jetzt Termin buchen!","robots":{"index":"index","follow":"follow","max-snippet":"max-snippet:-1","max-image-preview":"max-image-preview:large","max-video-preview":"max-video-preview:-1"},"canonical":"https:\/\/chicandchill.de\/\/babylights-der-zarte-weg-zu-natuerlichem-glanz\/","og_locale":"de_DE","og_type":"article","og_title":"Friseur Borna: Babylights \u2013 Zarte Highlights | Chic & Chill","og_description":"Zarte Babylights bei Chic & Chill in Borna: nat\u00fcrlicher Glanz, weiche \u00dcberg\u00e4nge. Perfekt f\u00fcr dezente Highlights. Jetzt Termin buchen!","og_url":"https:\/\/chicandchill.de\/\/babylights-der-zarte-weg-zu-natuerlichem-glanz\/","og_site_name":"Chic and Chill Friseur &amp; Barbier","article_published_time":"2025-06-04T11:22:04+00:00","article_modified_time":"2026-01-18T02:14:53+00:00","og_image":[{"width":1707,"height":2560,"url":"https:\/\/i0.wp.com\/chicandchill.de\/wp-content\/uploads\/2025\/06\/babylights-01-scaled.webp?fit=1707%2C2560&ssl=1","type":"image\/webp"}],"author":"By Chic &amp; Chill Team","twitter_card":"summary_large_image","twitter_misc":{"Verfasst von":"By Chic &amp; Chill Team","Gesch\u00e4tzte Lesezeit":"4\u00a0Minuten"},"schema":{"@context":"https:\/\/schema.org","@graph":[{"@type":"Article","@id":"https:\/\/chicandchill.de\/\/babylights-der-zarte-weg-zu-natuerlichem-glanz\/#article","isPartOf":{"@id":"https:\/\/chicandchill.de\/\/babylights-der-zarte-weg-zu-natuerlichem-glanz\/"},"author":{"name":"By Chic &amp; Chill Team","@id":"https:\/\/chicandchill.de\/#\/schema\/person\/73f5fc157422d4e9c4cc0877184db5f7"},"headline":"Babylights in Borna: Zarte Highlights f\u00fcr nat\u00fcrlichen Glanz","datePublished":"2025-06-04T11:22:04+00:00","dateModified":"2026-01-18T02:14:53+00:00","mainEntityOfPage":{"@id":"https:\/\/chicandchill.de\/\/babylights-der-zarte-weg-zu-natuerlichem-glanz\/"},"wordCount":687,"commentCount":0,"publisher":{"@id":"https:\/\/chicandchill.de\/#organization"},"image":{"@id":"https:\/\/chicandchill.de\/\/babylights-der-zarte-weg-zu-natuerlichem-glanz\/#primaryimage"},"thumbnailUrl":"https:\/\/i0.wp.com\/chicandchill.de\/wp-content\/uploads\/2025\/06\/babylights-01-scaled.webp?fit=1707%2C2560&ssl=1","keywords":["Damen \u2013 Dein Friseur f\u00fcr Farbe, Schnitt &amp; Styling in Borna"],"articleSection":["Chicnews"],"inLanguage":"de","potentialAction":[{"@type":"CommentAction","name":"Comment","target":["https:\/\/chicandchill.de\/\/babylights-der-zarte-weg-zu-natuerlichem-glanz\/#respond"]}]},{"@type":"WebPage","@id":"https:\/\/chicandchill.de\/\/babylights-der-zarte-weg-zu-natuerlichem-glanz\/","url":"https:\/\/chicandchill.de\/\/babylights-der-zarte-weg-zu-natuerlichem-glanz\/","name":"Friseur Borna: Babylights \u2013 Zarte Highlights | Chic & Chill","isPartOf":{"@id":"https:\/\/chicandchill.de\/#website"},"primaryImageOfPage":{"@id":"https:\/\/chicandchill.de\/\/babylights-der-zarte-weg-zu-natuerlichem-glanz\/#primaryimage"},"image":{"@id":"https:\/\/chicandchill.de\/\/babylights-der-zarte-weg-zu-natuerlichem-glanz\/#primaryimage"},"thumbnailUrl":"https:\/\/i0.wp.com\/chicandchill.de\/wp-content\/uploads\/2025\/06\/babylights-01-scaled.webp?fit=1707%2C2560&ssl=1","datePublished":"2025-06-04T11:22:04+00:00","dateModified":"2026-01-18T02:14:53+00:00","description":"Zarte Babylights bei Chic & Chill in Borna: nat\u00fcrlicher Glanz, weiche \u00dcberg\u00e4nge. Perfekt f\u00fcr dezente Highlights. Jetzt Termin buchen!","breadcrumb":{"@id":"https:\/\/chicandchill.de\/\/babylights-der-zarte-weg-zu-natuerlichem-glanz\/#breadcrumb"},"inLanguage":"de","potentialAction":[{"@type":"ReadAction","target":["https:\/\/chicandchill.de\/\/babylights-der-zarte-weg-zu-natuerlichem-glanz\/"]}]},{"@type":"ImageObject","inLanguage":"de","@id":"https:\/\/chicandchill.de\/\/babylights-der-zarte-weg-zu-natuerlichem-glanz\/#primaryimage","url":"https:\/\/i0.wp.com\/chicandchill.de\/wp-content\/uploads\/2025\/06\/babylights-01-scaled.webp?fit=1707%2C2560&ssl=1","contentUrl":"https:\/\/i0.wp.com\/chicandchill.de\/wp-content\/uploads\/2025\/06\/babylights-01-scaled.webp?fit=1707%2C2560&ssl=1","width":1707,"height":2560},{"@type":"BreadcrumbList","@id":"https:\/\/chicandchill.de\/\/babylights-der-zarte-weg-zu-natuerlichem-glanz\/#breadcrumb","itemListElement":[{"@type":"ListItem","position":1,"name":"Startseite","item":"https:\/\/chicandchill.de\/"},{"@type":"ListItem","position":2,"name":"Babylights in Borna: Zarte Highlights f\u00fcr nat\u00fcrlichen Glanz"}]},{"@type":"WebSite","@id":"https:\/\/chicandchill.de\/#website","url":"https:\/\/chicandchill.de\/","name":"Chic & Chill \u2013 Friseur in Borna bei Leipzig & Chemnitz","description":"Dein Style. Unser Handwerk.","publisher":{"@id":"https:\/\/chicandchill.de\/#organization"},"alternateName":"Chic & Chill Friseur Borna","potentialAction":[{"@type":"SearchAction","target":{"@type":"EntryPoint","urlTemplate":"https:\/\/chicandchill.de\/?s={search_term_string}"},"query-input":{"@type":"PropertyValueSpecification","valueRequired":true,"valueName":"search_term_string"}}],"inLanguage":"de"},{"@type":"Organization","@id":"https:\/\/chicandchill.de\/#organization","name":"Chic & Chill \u2013 Friseur in Borna bei Leipzig & Chemnitz","alternateName":"Chic & Chill Friseur Borna","url":"https:\/\/chicandchill.de\/","logo":{"@type":"ImageObject","inLanguage":"de","@id":"https:\/\/chicandchill.de\/#\/schema\/logo\/image\/","url":"https:\/\/i0.wp.com\/chicandchill.de\/wp-content\/uploads\/2024\/09\/Transparent-Logo.png?fit=2396%2C1221&ssl=1","contentUrl":"https:\/\/i0.wp.com\/chicandchill.de\/wp-content\/uploads\/2024\/09\/Transparent-Logo.png?fit=2396%2C1221&ssl=1","width":2396,"height":1221,"caption":"Chic & Chill \u2013 Friseur in Borna bei Leipzig & Chemnitz"},"image":{"@id":"https:\/\/chicandchill.de\/#\/schema\/logo\/image\/"},"sameAs":["https:\/\/www.instagram.com\/chicandchill_haarbaendiger\/"]},{"@type":"Person","@id":"https:\/\/chicandchill.de\/#\/schema\/person\/73f5fc157422d4e9c4cc0877184db5f7","name":"By Chic &amp; Chill Team","image":{"@type":"ImageObject","inLanguage":"de","@id":"https:\/\/secure.gravatar.com\/avatar\/e1dee2e83fff265e71976de0920b34d4b2870dedbae85ae12ea0988467c35257?s=96&d=mm&r=g","url":"https:\/\/secure.gravatar.com\/avatar\/e1dee2e83fff265e71976de0920b34d4b2870dedbae85ae12ea0988467c35257?s=96&d=mm&r=g","contentUrl":"https:\/\/secure.gravatar.com\/avatar\/e1dee2e83fff265e71976de0920b34d4b2870dedbae85ae12ea0988467c35257?s=96&d=mm&r=g","caption":"By Chic &amp; Chill Team"},"url":"https:\/\/chicandchill.de\/\/author\/blogpost\/"}]}},"jetpack_publicize_connections":[],"jetpack_featured_media_url":"https:\/\/i0.wp.com\/chicandchill.de\/wp-content\/uploads\/2025\/06\/babylights-01-scaled.webp?fit=1707%2C2560&ssl=1","jetpack_sharing_enabled":true,"_links":{"self":[{"href":"https:\/\/chicandchill.de\/\/wp-json\/wp\/v2\/posts\/5970","targetHints":{"allow":["GET"]}}],"collection":[{"href":"https:\/\/chicandchill.de\/\/wp-json\/wp\/v2\/posts"}],"about":[{"href":"https:\/\/chicandchill.de\/\/wp-json\/wp\/v2\/types\/post"}],"author":[{"embeddable":true,"href":"https:\/\/chicandchill.de\/\/wp-json\/wp\/v2\/users\/125"}],"replies":[{"embeddable":true,"href":"https:\/\/chicandchill.de\/\/wp-json\/wp\/v2\/comments?post=5970"}],"version-history":[{"count":3,"href":"https:\/\/chicandchill.de\/\/wp-json\/wp\/v2\/posts\/5970\/revisions"}],"predecessor-version":[{"id":13278,"href":"https:\/\/chicandchill.de\/\/wp-json\/wp\/v2\/posts\/5970\/revisions\/13278"}],"wp:featuredmedia":[{"embeddable":true,"href":"https:\/\/chicandchill.de\/\/wp-json\/wp\/v2\/media\/6052"}],"wp:attachment":[{"href":"https:\/\/chicandchill.de\/\/wp-json\/wp\/v2\/media?parent=5970"}],"wp:term":[{"taxonomy":"category","embeddable":true,"href":"https:\/\/chicandchill.de\/\/wp-json\/wp\/v2\/categories?post=5970"},{"taxonomy":"post_tag","embeddable":true,"href":"https:\/\/chicandchill.de\/\/wp-json\/wp\/v2\/tags?post=5970"},{"taxonomy":"job-kategorie","embeddable":true,"href":"https:\/\/chicandchill.de\/\/wp-json\/wp\/v2\/job-kategorie?post=5970"},{"taxonomy":"location","embeddable":true,"href":"https:\/\/chicandchill.de\/\/wp-json\/wp\/v2\/location?post=5970"},{"taxonomy":"marken-brands","embeddable":true,"href":"https:\/\/chicandchill.de\/\/wp-json\/wp\/v2\/marken-brands?post=5970"},{"taxonomy":"spezialisiert","embeddable":true,"href":"https:\/\/chicandchill.de\/\/wp-json\/wp\/v2\/spezialisiert?post=5970"}],"curies":[{"name":"wp","href":"https:\/\/api.w.org\/{rel}","templated":true}]}}