{"id":5064,"date":"2024-10-01T16:10:00","date_gmt":"2024-10-01T14:10:00","guid":{"rendered":"https:\/\/chicandchill.de\/?p=5064"},"modified":"2025-09-11T20:11:01","modified_gmt":"2025-09-11T18:11:01","slug":"datenschutzerklaerung","status":"publish","type":"post","link":"https:\/\/chicandchill.de\/\/datenschutzerklaerung\/","title":{"rendered":"Datenschutzerkl\u00e4rung"},"content":{"rendered":"\n<p>Websites und Salons, Terminvereinbarung <\/p>\n\n\n\n<p>Wir freuen uns, dass Sie unseren Internetauftritt oder einen unserer Salons besuchen und bedanken uns f\u00fcr Ihr Interesse an dem Einzelunternehmen Robby Klier und dessen gef\u00fchrten Gesch\u00e4fte auf den Internetseiten (klier.group, deinehaarstaion.de, chicandchill.de, rkkl.de, mk-handel.eu)&nbsp;wird im Folgenden informiert \u00fcber die Erhebung personenbezogener Daten bei Nutzung unserer Webseiten. Personenbezogene Daten sind alle Daten, die auf Sie pers\u00f6nlich beziehbar sind, z.\u2009B. Name, Adresse, E-Mail-Adressen.<\/p>\n\n\n\n<p><strong>Verantwortlicher f\u00fcr die Datenverarbeitung<\/strong><\/p>\n\n\n\n<p>Verantwortlicher gem. Art. 4 Abs. 7 Datenschutz-Grundverordnung (DSGVO) ist Robby Klier, vgl. Sie dazu unser&nbsp;<a href=\"https:\/\/chicandchill.de\/2024\/11\/05\/impressum\/\">Impressum<\/a>.<\/p>\n\n\n\n<p><strong>Beauftragte Dienstleister:<\/strong><\/p>\n\n\n\n<p>Die allgemeine Bereitstellung und Wartung unserer Webseiten und E-Mail-Systeme erfolgt mit Unterst\u00fctzung von Robby Klier, welcher in unserem Auftrag t\u00e4tig ist und somit auch ggf. Ihre Daten im erforderlichen Umfang einsehen (empfangen) kann.<\/p>\n\n\n\n<p><strong>Externer Datenschutzbeauftragter:<\/strong><\/p>\n\n\n\n<p>Siehe <a href=\"https:\/\/chicandchill.de\/2024\/11\/05\/impressum\/\">Impressum<\/a>.<\/p>\n\n\n\n<p><strong>Informatorische Nutzung<\/strong><\/p>\n\n\n\n<p>F\u00fcr die informatorische Nutzung unserer Webseiten, erheben wir nur die personenbezogenen Daten, die uns Ihr Browser automatisch \u00fcbermittelt, wie etwa:<\/p>\n\n\n\n<ul class=\"wp-block-list\">\n<li>IP-Adresse<\/li>\n\n\n\n<li>Datum und Uhrzeit der Anfrage<\/li>\n\n\n\n<li>Zeitzonendifferenz zur Greenwich Mean Time (GMT)<\/li>\n\n\n\n<li>Inhalt der Anforderung (konkrete Seite)<\/li>\n\n\n\n<li>jeweils \u00fcbertragene Datenmenge und der Zugriffsstatus (Datei \u00fcbertragen, Datei nicht gefunden etc.)<\/li>\n\n\n\n<li>Webseite, von der die Anforderung kommt<\/li>\n\n\n\n<li>Browsertyp \/ Version \/ Sprache<\/li>\n\n\n\n<li>Betriebssystem und dessen Oberfl\u00e4che<\/li>\n\n\n\n<li>Sprache und Version Ihres Browsers.<\/li>\n<\/ul>\n\n\n\n<p><strong>Speicherdauer:<\/strong><\/p>\n\n\n\n<p>Die Speicherdauer dieser Daten (Logs) betr\u00e4gt 30 Tage.<\/p>\n\n\n\n<p><strong>Rechtsgrundlage der Datenverarbeitung:<\/strong><\/p>\n\n\n\n<p>Die o.g. Daten sind technisch erforderlich, um Ihnen unsere Webseiten anzuzeigen und die Stabilit\u00e4t und Sicherheit zu gew\u00e4hrleisten, gem. Art. 6 Abs. 1 lit. f) DSGVO.<\/p>\n\n\n\n<p><strong>Kontaktformular<\/strong><\/p>\n\n\n\n<p>Bei Ihrer Kontaktaufnahme mit uns \u00fcber das Kontaktformular oder per E-Mail, oder Telefon werden die von Ihnen mitgeteilten Daten (Ihr Name, Ihre E-Mail-Adresse, ggf. Ihre Telefonnummer und Ihre Nachricht) von uns gespeichert, um Ihre Frage(n) zu beantworten. Hierf\u00fcr notwendige Pflichtangaben sind gesondert markiert, weitere Angaben sind freiwillig.&nbsp;<\/p>\n\n\n\n<p><strong>Speicherdauer:<\/strong><\/p>\n\n\n\n<p>Die in diesem Zusammenhang anfallenden Daten l\u00f6schen wir, nachdem die Speicherung nicht mehr erforderlich ist, oder schr\u00e4nken die Verarbeitung ein, falls gesetzliche Aufbewahrungspflichten bestehen (max. zehn Jahre im Rahmen der handels- und steuerrechtlich notwendigen Archivierung des gesch\u00e4ftlichen E-Mail-Verkehrs).&nbsp;<\/p>\n\n\n\n<p><strong>Rechtsgrundlagen der Datenverarbeitung:<\/strong><\/p>\n\n\n\n<p>Die Verarbeitung ist f\u00fcr die Erf\u00fcllung eines Vertrags, dessen Vertragspartei die betroffene Person ist, oder zur Durchf\u00fchrung vorvertraglicher Ma\u00dfnahmen erforderlich, die auf Anfrage der betroffenen Person erfolgen, gem. Art. 6 Abs. 1 lit. b) DSGVO. In allen anderen F\u00e4llen erfolgt die Verarbeitung auf Grundlage von Art. 6 Abs. 1 lit. f) DSGVO, da wir ein berechtigtes Interesse an der Bearbeitung von Anfragen haben.&nbsp;<\/p>\n\n\n\n<p><strong>Online-Terminbuchung und Kundenverwaltung&nbsp;<\/strong><\/p>\n\n\n\n<p>Im Rahmen der Online-Terminbuchung auf den Seiten der verschiedenen Konzepte der Klier Group setzen wir auf Basis eines Auftragsverarbeitungsvertrages das Online Terminbuchungs- und Kundenverwaltungssystem des Dienstleisters Shore GmbH (siehe&nbsp;<a href=\"https:\/\/www.shore.com\/de\/impressum\/\">https:\/\/www.shore.com\/de\/impressum\/<\/a>) ein. In unseren Salons arbeiten wir mit unserem Auftragsverarbeiter<\/p>\n\n\n\n<p><a href=\"https:\/\/www.tillhub.de\/impressum\/\">https:\/\/www.tillhub.de\/impressum\/<\/a>&nbsp;zusammen. Wenn Sie einen Termin online buchen, werden folgende personenbezogene Daten verarbeitet: Salon, gew\u00fcnschte Leistung inkl. Preis, pr\u00e4ferierter Mitarbeiter, Terminwunsch, Name, E-Mail-Adresse, Telefonnummer, Adresse und Geburtsdatum besondere W\u00fcnsche, Einwilligung zum Erhalt von E-Mails. Pflichtangaben sind dabei entsprechend gekennzeichnet. Wir legen bei der ersten Buchung ein Kundenprofil an, in dem die von Ihnen gemachten Daten samt zuk\u00fcnftiger Termine hinterlegt werden. Nach der Eingabe des Termins und als Erinnerung kurz vor dem Termin erhalten Sie eine E-Mail und\/oder eine SMS. Zweck der Verarbeitung ist die Terminvereinbarung f\u00fcr Ihren Termin samt Terminerinnerung und Pflege der Kundenbeziehung. Es besteht ein Widerspruchsrecht gegen die Verarbeitung gem. Art. 21 DSGVO. Bitte nutzen Sie f\u00fcr den Widerspruch die E-Mail-Adresse:&nbsp;info@rkkl.de<\/p>\n\n\n\n<p><strong>Rechtsgrundlagen f\u00fcr die Datenverarbeitung und Dauer der Datenspeicherung<\/strong><\/p>\n\n\n\n<p>Rechtsgrundlage f\u00fcr die Verarbeitung ist Art. 6 Abs. 1 lit. f) DSGVO zur Wahrung unserer berechtigten Interessen. Unsere berechtigten Interessen liegen in der effizienten und effektiven Optimierung des Terminbuchungs- und Vertragsanbahnungsprozesses sowie der Kundenbindung, der Durchf\u00fchrung statistischer Auswertungen, zur Geltendmachung rechtlicher Anspr\u00fcche und Verteidigung bei unberechtigten Anspr\u00fcchen. Die Daten werden nur so lange gespeichert, wie das berechtigte Interesse der Firma an den o.g. berechtigten Interessen besteht. Eine L\u00f6schung ist durch einen Widerspruch an die info@rkkl.de&nbsp;jederzeit m\u00f6glich.<\/p>\n\n\n\n<p><strong>Datenschutzinformation Newsletter im Rahmen der Terminbuchung&nbsp;<\/strong><\/p>\n\n\n\n<p>Wenn Sie die Online-Terminbuchung auf den Seiten unserer Gruppe nutzen Seiten nutzen, k\u00f6nnen Sie auf freiwilliger Basis unseren E-Mail-Newsletter (Produktneuigkeiten, Rabattaktionen, Angebote) abonnieren per Klick. Der Versand der Newsletter erfolgt \u00fcber einen Service unseres Dienstleisters Shore (siehe&nbsp;<a href=\"https:\/\/www.shore.com\/de\/impressum\/\">https:\/\/www.shore.com\/de\/impressum\/<\/a>&nbsp;), mit dem ein Auftragsverarbeitungsvertrag geschlossen wurde. Wir verarbeiten dabei die Anrede, Ihren Namen, E-Mail-Adresse und Ihre Einwilligung zum Erhalt von E-Mails. Eine Verwendung f\u00fcr andere Zwecke findet nicht statt. Diese Einwilligung kann jederzeit widerrufen werden. Bitte senden Sie Ihren Widerruf an die&nbsp;info@rkkl.de&nbsp;oder klicken Sie einfach auf den Abmeldelink am Ende jedes Newsletters.<\/p>\n\n\n\n<p><strong>Rechtsgrundlagen f\u00fcr die Datenverarbeitung und Dauer der Datenspeicherung<\/strong><\/p>\n\n\n\n<p>Rechtsgrundlage f\u00fcr die Verarbeitung ist Ihre Einwilligung gem. Art. 6 Abs. 1 lit. a) DSGVO. Die Daten werden bis zu Ihrem Widerruf verarbeitet mit Ausnahme der Entscheidung zur Einwilligung, diese speichern wir 6 Monate l\u00e4nger, um auf Basis des Art. 6 Abs. 1 lit. f) DSGVO innerhalb einer angemessenen Frist die Rechtm\u00e4\u00dfigkeit der Verarbeitung nachweisen k\u00f6nnen.&nbsp;<\/p>\n\n\n\n<p><strong>Terminbuchung in den Salons<\/strong><\/p>\n\n\n\n<p>Wenn Sie in unseren Salons einen Termin bei einem unserer Mitarbeitenden buchen, verarbeiten wir Ihre Stamm- (Name, Anschrift), Kontakt- (Telefonnummer, E-Mail-Adresse) und sonstige Daten (Salonbesuche inkl. gebuchte Dienstleistungen und Bezahltvermerk, Informationen zur Frisur und Haarfarbe, Haarpflegehinweise) auf Basis Ihrer Angaben. Sofern Sie noch keine Termine bei uns hatten, legen wir beim ersten Besuch ein Kundenprofil bei uns an. Kurz vor Ihrem gebuchten Termin und als Erinnerung kurz vor dem Termin erhalten Sie eine E-Mail und\/oder eine SMS. Zweck der Verarbeitung ist vor allem die Optimierung unseres Buchungsablaufs f\u00fcr Ihren Termin samt Terminerinnerung und Pflege der Kundenbeziehung. Wir setzen hierbei Auftragsverarbeiter ein vor allem f\u00fcr unser Buchungs- und Zahlungssystem. Es handelt sich um die Shore GmbH&nbsp;&nbsp;<a href=\"https:\/\/www.shore.com\/de\/impressum\/\">https:\/\/www.shore.com\/de\/impressum\/<\/a>&nbsp;und die Tillhub GmbH&nbsp;<a href=\"https:\/\/www.tillhub.de\/impressum\/E\">https:\/\/www.tillhub.de\/impressum\/<\/a>. Die Weitergabe an unseren Zahlungsdienstleister Stripe Payments Europe, Limited (SPEL)&nbsp;https:\/\/stripe.com\/at\/legal\/imprint erfolgt in eigener Verantwortlichkeit zur Zahlungsabwicklung. Informationen gem. Art. 14 DGSVO dazu unter:&nbsp;https:\/\/stripe.com\/at\/resources\/more\/gdpr-compliance-e-commerce-germany. Eine Weitergabe an Dritte findet nur im erforderlichen und gesetzlich zul\u00e4ssigen Rahmen statt, wenn sie zur Vertragsabwicklung notwendig ist, ein berechtigtes Interesse unsererseits besteht oder aber wir gesetzlich dazu verpflichtet sind.&nbsp;<\/p>\n\n\n\n<p><strong>Rechtsgrundlagen und Dauer der Speicherung<\/strong><\/p>\n\n\n\n<p>Rechtsgrundlage f\u00fcr die Verarbeitung ist Art. 6 Abs. 1 lit. f) DSGVO zur Wahrung unserer berechtigten Interessen. Unsere berechtigten Interessen liegen in der effizienten und effektiven Optimierung des Terminbuchungs- und Vertragsanbahnungsprozesses sowie der Kundenbindung, der Durchf\u00fchrung statistischer Auswertungen, zur Geltendmachung rechtlicher Anspr\u00fcche und Verteidigung bei unberechtigten Anspr\u00fcchen. Die Daten werden nur so lange gespeichert, wie die oben genannten berechtigten Interessen der Firma bestehen. Eine L\u00f6schung ist durch einen Widerspruch an die info@rkkl.de jederzeit m\u00f6glich, es sei denn, gesetzliche Aufbewahrungsfristen (HGB\/AO) sprechen dagegen. Die Weitergabe von Daten an unseren Zahlungsdienstleister dient der Vertragsabwicklung gem. Art. 6 Abs. 1 lit. b) DSGVO.<\/p>\n\n\n\n<p><strong>Anfragen per E-Mail, Post, Telefon oder Fax<\/strong><\/p>\n\n\n\n<p>Wenn Sie uns per E-Mail, Post, Telefon oder Fax kontaktieren, wird Ihre Anfrage samt darin enthaltenen personenbezogenen Daten zum Zwecke der Bearbeitung Ihrer Anfrage bei uns von den dazu berechtigten Personen verarbeitet.&nbsp;<\/p>\n\n\n\n<p><strong>Speicherdauer:<\/strong><\/p>\n\n\n\n<p>Die Daten verarbeiten und speichern wir so lange, bis der Zweck der Verarbeitung erf\u00fcllt ist und gesetzliche Pflichten zur Aufbewahrung (i.d.R. 10 Jahre Aufbewahrungsfrist) dem nicht entgegenstehen oder sie der Verarbeitung wirksam widersprochen haben.<\/p>\n\n\n\n<p><strong>Rechtsgrundlagen der Datenverarbeitung:<\/strong><\/p>\n\n\n\n<p>Die Verarbeitung Ihrer Daten erfolgt auf Grundlage von Art. 6 Abs. 1 lit. b) DSGVO, falls Ihre Anfrage mit der Erf\u00fcllung eines Vertrages oder der Durchf\u00fchrung vorvertraglicher Ma\u00dfnahmen zusammenh\u00e4ngt. In allen anderen F\u00e4llen erfolgt die Verarbeitung auf Grundlage von Art. 6 Abs. 1 lit. f) DSGVO, da wir ein berechtigtes Interesse an der Bearbeitung von Anfragen haben.&nbsp;<\/p>\n\n\n\n<p><strong>Bewerbungen<\/strong><\/p>\n\n\n\n<p>Wir verarbeiten die Daten, die Sie uns im Zusammenhang mit Ihrer Bewerbung zugesendet haben, um Ihre Eignung f\u00fcr die Stelle (oder ggf. andere offene Positionen) zu pr\u00fcfen und das Bewerbungsverfahren durchzuf\u00fchren. Ihre Bewerbung wird nach Eingang von der Personalabteilung gesichtet. Geeignete Bewerbungen werden anschlie\u00dfend an die Verantwortlichen f\u00fcr die jeweils offene oder geeignete Stelle weitergegeben. Dann wird der weitere Ablauf abgestimmt. Im gesamten Unternehmen haben grunds\u00e4tzlich nur die Personen Zugriff auf Ihre Daten, die diese f\u00fcr den ordnungsgem\u00e4\u00dfen Ablauf unseres Bewerbungsverfahrens ben\u00f6tigen.<\/p>\n\n\n\n<p><strong>Beauftragte Dienstleister:<\/strong><\/p>\n\n\n\n<p>F\u00fcr die Durchf\u00fchrung des Bewerbungsverfahrens sind wir selber verantwortlich Ihre Daten k\u00f6nnen zudem nur im erforderlichen Umfang durch die von uns beauftragten IT-Dienstleister eingesehen werden.&nbsp;<\/p>\n\n\n\n<p><strong>Speicherdauer:<\/strong><\/p>\n\n\n\n<p>Daten von Bewerbenden werden im Falle einer Absage nach 6 Monaten gel\u00f6scht. Sollten Sie im Rahmen des Bewerbungsverfahrens den Zuschlag f\u00fcr eine Stelle erhalten haben, werden Ihre Daten in unser Personalinformationssystem \u00fcberf\u00fchrt.<\/p>\n\n\n\n<p><strong>Rechtsgrundlagen der Datenverarbeitung:<\/strong><\/p>\n\n\n\n<p>Die Verarbeitung Ihrer Daten im Rahmen des Bewerbungsverfahrens ist zul\u00e4ssig f\u00fcr die Entscheidung \u00fcber die Begr\u00fcndung eines Besch\u00e4ftigungsverh\u00e4ltnisses, gem. \u00a7 26 BDSG. Sollten die Daten nach Abschluss des Bewerbungsverfahrens ggf. zur Rechtsverfolgung erforderlich sein, kann eine Datenverarbeitung zur Wahrnehmung von berechtigten Interessen nach Art. 6 Abs. 1 lit. f) DSGVO erfolgen. Unser Interesse besteht dann in der Geltendmachung oder Abwehr von Anspr\u00fcchen.<\/p>\n\n\n\n<p><strong>Einsatz von Cookies<\/strong><\/p>\n\n\n\n<p>F\u00fcr unsere Webseiten nutzen wir Cookies. Cookies sind kleine Textdateien, die im Rahmen Ihres Besuches unserer Webseiten von unserem Webserver an Ihren Browser gesandt und von diesem auf Ihrem Rechner f\u00fcr einen sp\u00e4teren Abruf vorgehalten werden. Sie dienen dazu, das Internetangebot insgesamt nutzerfreundlicher und effektiver zu machen.<\/p>\n\n\n\n<p>Wir setzen ohne Ihre Einwilligung nur unbedingt erforderliche Session-Cookies im Sinne des \u00a725 Abs. 2 TTDSG ein. Bei einer Einwilligung zus\u00e4tzlich die von Google gesetzten&nbsp;Cookies von Google (Maps), siehe&nbsp;<a href=\"https:\/\/www.google.com\/intl\/de\/policies\/privacy\/\">https:\/\/www.google.com\/intl\/de\/policies\/privacy\/<\/a>)&nbsp;auf Basis des \u00a7 25 Abs. 1 TTDSG.<\/p>\n\n\n\n<p>Sie k\u00f6nnen durch Ihre Browser-Einstellung entsprechend die Annahme von allen Cookies ablehnen. Wir weisen Sie jedoch darauf hin, dass Sie dann eventuell nicht alle Funktionen dieser Website nutzen k\u00f6nnen.<\/p>\n\n\n\n<p><strong>Google Maps<\/strong><\/p>\n\n\n\n<p>Auf unseren Webseiten binden wir Inhalte von Google Maps ein, um Ihnen unsere Standorte und die Lage der von uns betreuten Projekte und Grundst\u00fccke vereinfacht darstellen zu k\u00f6nnen. Dadurch wird automatisch eine Verbindung von Ihrem Browser zum Google Maps Server aufgebaut und somit auch Ihre IP-Adresse \u00fcbermittelt. Sollten Sie parallel zum Besuch unserer Webseiten auch bei Google mit einem vorhandenen Benutzerkonto eingeloggt sein, kann Google wom\u00f6glich auch den Besuch unserer Webseiten Ihrem Nutzerverhalten zuordnen. Zudem k\u00f6nnen weitere Cookies durch Google an Ihren Browser gesendet werden. Auf diese Vorgehensweise haben wir keinen Einfluss und erhalten auch keine Informationen von Google \u00fcber die \u00fcbermittelten Inhalte.<\/p>\n\n\n\n<p><strong>Analyse Ihres Nutzerverhaltens durch Google:<\/strong><\/p>\n\n\n\n<p>Google speichert Ihre Daten als Nutzungsprofile und nutzt sie f\u00fcr Zwecke der Werbung, Marktforschung und\/oder bedarfsgerechten Gestaltung ihrer Webseiten. Eine solche Auswertung erfolgt insbesondere (selbst f\u00fcr nicht eingeloggte Nutzer) zur Erbringung von bedarfsgerechter Werbung und um andere Nutzer des sozialen Netzwerks \u00fcber Ihre Aktivit\u00e4ten auf unseren Webseiten zu informieren. Ihnen steht ein Widerspruchsrecht zu gegen die Bildung dieser Nutzerprofile, wobei Sie sich zur Aus\u00fcbung dessen an Google richten m\u00fcssen.<\/p>\n\n\n\n<p><strong>Dienst wird bereitgestellt durch:<\/strong><\/p>\n\n\n\n<p>Anbieter ist die Google Inc. 1600 Amphitheatre Parkway Mountain View, CA 94043, USA, Vertreterin in der EU ist die Google Dublin, Google Ireland Ltd., Gordon House, Barrow Street, Dublin 4, Ireland. Weitere Informationen zum Datenschutz bei der Google Inc. finden Sie unter:&nbsp;<a href=\"https:\/\/www.google.com\/intl\/de\/policies\/privacy\/\">https:\/\/www.google.com\/intl\/de\/policies\/privacy\/<\/a>.<\/p>\n\n\n\n<p><strong>Speicherdauer:<\/strong><\/p>\n\n\n\n<p>Siehe Speicherdauer der Logs unter Informatorische Nutzung weiter oben in dieser Datenschutzerkl\u00e4rung.<\/p>\n\n\n\n<p><strong>Rechtsgrundlagen der Datenverarbeitung:<\/strong><\/p>\n\n\n\n<p>Der Dienst wird zur Optimierung unserer Webseiten im Interesse des Besuchenden eingebunden. Der Dienst wird nicht automatisch geladen, sondern nur, wenn der Besucher vorher einwilligt. Es besteht vorher die M\u00f6glichkeit, diese Datenschutzerkl\u00e4rung einzusehen, um sich \u00fcber die Umst\u00e4nde und Risiken (insbesondere Drittland\u00fcbertragung in die USA und Profilbildung) einer m\u00f6glichen Einwilligung vorab ausreichend zu informieren. Rechtsgrundlage ist daher Art. 6 Abs. 1 lit. a) DSGVO. Gesetzte Cookies werden gespeichert auf Basis des \u00a725 Abs. 1 TTDSG. Die \u00dcbertragung von personenbezogenen Daten in die USA erfolgt gem\u00e4\u00df den Ausf\u00fchrungen von Google zufolge auf Basis von EU-Standardvertragsklauseln.<\/p>\n\n\n\n<p><strong>Ihre Rechte<\/strong><\/p>\n\n\n\n<p>Sie haben gegen\u00fcber uns folgende Rechte hinsichtlich der Sie betreffenden personenbezogenen Daten:<\/p>\n\n\n\n<ul class=\"wp-block-list\">\n<li>Recht auf Auskunft,<\/li>\n\n\n\n<li>Recht auf Berichtigung oder L\u00f6schung,<\/li>\n\n\n\n<li>Recht auf Einschr\u00e4nkung der Verarbeitung,<\/li>\n\n\n\n<li>Recht auf Daten\u00fcbertragbarkeit.<\/li>\n<\/ul>\n\n\n\n<p>Sie haben zudem das Recht, sich bei einer Datenschutz-Aufsichtsbeh\u00f6rde \u00fcber die Verarbeitung Ihrer personenbezogenen Daten durch uns zu beschweren.<\/p>\n\n\n\n<p><strong>Widerspruchs- und Widerrufsrecht&nbsp;<\/strong><\/p>\n\n\n\n<p>Falls Sie eine Einwilligung zur Verarbeitung Ihrer Daten erteilt haben, k\u00f6nnen Sie diese jederzeit widerrufen. Ein solcher Widerruf beeinflusst die Zul\u00e4ssigkeit der Verarbeitung Ihrer personenbezogenen Daten, nachdem Sie ihn gegen\u00fcber uns ausgesprochen haben.<\/p>\n\n\n\n<p>Die Einwilligung im Rahmen unseres Consent-Managers k\u00f6nnen Sie am einfachsten l\u00f6schen, indem Sie den Browser-Cache l\u00f6schen, die Seite erneut aufrufen und\u00a0erneut w\u00e4hlen.<\/p>\n\n\n\n<p>Soweit wir die Verarbeitung Ihrer personenbezogenen Daten auf die Interessenabw\u00e4gung (Rechtsgrundlage ist dann Art. 6 Abs. 1 lit. f) DSGVO) st\u00fctzen, k\u00f6nnen Sie Widerspruch gegen die Verarbeitung einlegen. Dies ist der Fall, wenn die Verarbeitung insbesondere nicht zur Erf\u00fcllung eines Vertrags mit Ihnen erforderlich ist, was von uns jeweils bei der Erl\u00e4uterung der einzelnen Datenverarbeitungen und Funktionen auf unseren Webseiten weiter oben in dieser Datenschutzerkl\u00e4rung angesprochen wird. Bei Aus\u00fcbung eines solchen Widerspruchs bitten wir um Darlegung der Gr\u00fcnde, weshalb wir Ihre personenbezogenen Daten nicht wie von uns durchgef\u00fchrt verarbeiten sollten. Im Falle Ihres begr\u00fcndeten Widerspruchs pr\u00fcfen wir die Sachlage und werden entweder die Datenverarbeitung einstellen bzw. anpassen oder Ihnen unsere zwingenden schutzw\u00fcrdigen Gr\u00fcnde aufzeigen, aufgrund derer wir die Verarbeitung fortf\u00fchren.<\/p>\n\n\n\n<p><strong>Kontaktm\u00f6glichkeiten bez. Ihrer Rechte<\/strong><\/p>\n\n\n\n<p>Zur Aus\u00fcbung Ihrer Rechte k\u00f6nnen Sie jederzeit mit uns Kontakt aufnehmen. Verwenden Sie dazu am besten folgende E-Mail-Adresse:&nbsp;info@rkkl.de Sie k\u00f6nnen gerne auch eine der Kontaktm\u00f6glichkeiten in unserem Impressum verwenden oder sich direkt an unseren Datenschutzbeauftragten (Kontaktdaten oben) wenden.<\/p>\n\n\n\n<p><strong>Datensicherheit&nbsp;<\/strong><\/p>\n\n\n\n<p>Wir setzen zudem technische und organisatorische Sicherheitsma\u00dfnahmen ein, um anfallende oder erhobene personenbezogene Daten zu sch\u00fctzen, insb. gegen zuf\u00e4llige oder vors\u00e4tzliche Manipulation, Verlust, Zerst\u00f6rung oder gegen den Angriff unberechtigter Personen. Unsere Sicherheitsma\u00dfnahmen werden entsprechend der technologischen Entwicklung fortlaufend verbessert. Die \u00dcbertragung Ihrer personenbezogenen Daten wird dabei per SSL-Technik (https) verschl\u00fcsselt, um Zugriffe unberechtigter Dritter zu verhindern.<\/p>\n\n\n\n<p><strong>Kommunikation per E-Mail<\/strong><\/p>\n\n\n\n<p>Unsere E-Mail-Systeme unterst\u00fctzen die verschl\u00fcsselte Kommunikation per SSL-Technik (mind. TLS 1.2 inkl.&nbsp;<a href=\"https:\/\/de.wikipedia.org\/wiki\/Perfect_Forward_Secrecy\">PFS<\/a>). Die \u00dcbertragung Ihrer E-Mail kann somit grunds\u00e4tzlich verschl\u00fcsselt erfolgen. Beachten Sie jedoch, dass die Verschl\u00fcsselung auch von der Konfiguration Ihres E-Mail-Programms abh\u00e4ngt und wir somit eine vollst\u00e4ndige Datensicherheit f\u00fcr den Transportweg nicht gew\u00e4hrleisten k\u00f6nnen.<\/p>\n\n\n\n<p>Bei Informationen mit einem hohen Geheimhaltungsbed\u00fcrfnis empfehlen wir Ihnen den Postweg.<\/p>\n","protected":false},"excerpt":{"rendered":"<p>Websites und Salons, Terminvereinbarung Wir freuen uns, dass Sie unseren Internetauftritt oder einen unserer Salons besuchen und bedanken uns f\u00fcr Ihr Interesse an dem Einzelunternehmen Robby Klier und dessen gef\u00fchrten Gesch\u00e4fte auf den Internetseiten (klier.group, deinehaarstaion.de, chicandchill.de, rkkl.de, mk-handel.eu)&nbsp;wird im Folgenden informiert \u00fcber die Erhebung personenbezogener Daten bei Nutzung unserer Webseiten. Personenbezogene Daten sind alle [&hellip;]<\/p>\n","protected":false},"author":1,"featured_media":0,"comment_status":"open","ping_status":"open","sticky":false,"template":"","format":"standard","meta":{"_acf_changed":false,"_jetpack_memberships_contains_paid_content":false,"footnotes":"","jetpack_publicize_message":"","jetpack_publicize_feature_enabled":true,"jetpack_social_post_already_shared":true,"jetpack_social_options":{"image_generator_settings":{"template":"highway","default_image_id":0,"font":"","enabled":false},"version":2}},"categories":[17],"tags":[],"job-kategorie":[],"location":[],"marken-brands":[],"spezialisiert":[],"class_list":["post-5064","post","type-post","status-publish","format-standard","hentry","category-rechtliches"],"acf":[],"yoast_head":"<!-- This site is optimized with the Yoast SEO plugin v27.5 - https:\/\/yoast.com\/product\/yoast-seo-wordpress\/ -->\n<title>Datenschutzerkl\u00e4rung - Chic and Chill Friseur &amp; Barbier<\/title>\n<meta name=\"robots\" content=\"index, follow, max-snippet:-1, max-image-preview:large, max-video-preview:-1\" \/>\n<link rel=\"canonical\" href=\"https:\/\/chicandchill.de\/\/datenschutzerklaerung\/\" \/>\n<meta property=\"og:locale\" content=\"de_DE\" \/>\n<meta property=\"og:type\" content=\"article\" \/>\n<meta property=\"og:title\" content=\"Datenschutzerkl\u00e4rung - Chic and Chill Friseur &amp; Barbier\" \/>\n<meta property=\"og:description\" content=\"Websites und Salons, Terminvereinbarung Wir freuen uns, dass Sie unseren Internetauftritt oder einen unserer Salons besuchen und bedanken uns f\u00fcr Ihr Interesse an dem Einzelunternehmen Robby Klier und dessen gef\u00fchrten Gesch\u00e4fte auf den Internetseiten (klier.group, deinehaarstaion.de, chicandchill.de, rkkl.de, mk-handel.eu)&nbsp;wird im Folgenden informiert \u00fcber die Erhebung personenbezogener Daten bei Nutzung unserer Webseiten. Personenbezogene Daten sind alle [&hellip;]\" \/>\n<meta property=\"og:url\" content=\"https:\/\/chicandchill.de\/\/datenschutzerklaerung\/\" \/>\n<meta property=\"og:site_name\" content=\"Chic and Chill Friseur &amp; Barbier\" \/>\n<meta property=\"article:published_time\" content=\"2024-10-01T14:10:00+00:00\" \/>\n<meta property=\"article:modified_time\" content=\"2025-09-11T18:11:01+00:00\" \/>\n<meta property=\"og:image\" content=\"https:\/\/i0.wp.com\/chicandchill.de\/wp-content\/uploads\/2025\/08\/IMG_0531.webp?fit=1355%2C1806&ssl=1\" \/>\n\t<meta property=\"og:image:width\" content=\"1355\" \/>\n\t<meta property=\"og:image:height\" content=\"1806\" \/>\n\t<meta property=\"og:image:type\" content=\"image\/webp\" \/>\n<meta name=\"author\" content=\"Robby Klier\" \/>\n<meta name=\"twitter:card\" content=\"summary_large_image\" \/>\n<meta name=\"twitter:label1\" content=\"Verfasst von\" \/>\n\t<meta name=\"twitter:data1\" content=\"Robby Klier\" \/>\n\t<meta name=\"twitter:label2\" content=\"Gesch\u00e4tzte Lesezeit\" \/>\n\t<meta name=\"twitter:data2\" content=\"13\u00a0Minuten\" \/>\n<script type=\"application\/ld+json\" class=\"yoast-schema-graph\">{\"@context\":\"https:\\\/\\\/schema.org\",\"@graph\":[{\"@type\":\"Article\",\"@id\":\"https:\\\/\\\/chicandchill.de\\\/\\\/datenschutzerklaerung\\\/#article\",\"isPartOf\":{\"@id\":\"https:\\\/\\\/chicandchill.de\\\/\\\/datenschutzerklaerung\\\/\"},\"author\":{\"name\":\"Robby Klier\",\"@id\":\"https:\\\/\\\/chicandchill.de\\\/#\\\/schema\\\/person\\\/f6e5e90510f64a8c6ccdbbb7be02a7c1\"},\"headline\":\"Datenschutzerkl\u00e4rung\",\"datePublished\":\"2024-10-01T14:10:00+00:00\",\"dateModified\":\"2025-09-11T18:11:01+00:00\",\"mainEntityOfPage\":{\"@id\":\"https:\\\/\\\/chicandchill.de\\\/\\\/datenschutzerklaerung\\\/\"},\"wordCount\":2470,\"commentCount\":0,\"publisher\":{\"@id\":\"https:\\\/\\\/chicandchill.de\\\/#organization\"},\"articleSection\":[\"Rechtliches bei Chic &amp; Chill\"],\"inLanguage\":\"de\",\"potentialAction\":[{\"@type\":\"CommentAction\",\"name\":\"Comment\",\"target\":[\"https:\\\/\\\/chicandchill.de\\\/\\\/datenschutzerklaerung\\\/#respond\"]}]},{\"@type\":\"WebPage\",\"@id\":\"https:\\\/\\\/chicandchill.de\\\/\\\/datenschutzerklaerung\\\/\",\"url\":\"https:\\\/\\\/chicandchill.de\\\/\\\/datenschutzerklaerung\\\/\",\"name\":\"Datenschutzerkl\u00e4rung - Chic and Chill Friseur &amp; Barbier\",\"isPartOf\":{\"@id\":\"https:\\\/\\\/chicandchill.de\\\/#website\"},\"datePublished\":\"2024-10-01T14:10:00+00:00\",\"dateModified\":\"2025-09-11T18:11:01+00:00\",\"breadcrumb\":{\"@id\":\"https:\\\/\\\/chicandchill.de\\\/\\\/datenschutzerklaerung\\\/#breadcrumb\"},\"inLanguage\":\"de\",\"potentialAction\":[{\"@type\":\"ReadAction\",\"target\":[\"https:\\\/\\\/chicandchill.de\\\/\\\/datenschutzerklaerung\\\/\"]}]},{\"@type\":\"BreadcrumbList\",\"@id\":\"https:\\\/\\\/chicandchill.de\\\/\\\/datenschutzerklaerung\\\/#breadcrumb\",\"itemListElement\":[{\"@type\":\"ListItem\",\"position\":1,\"name\":\"Startseite\",\"item\":\"https:\\\/\\\/chicandchill.de\\\/\"},{\"@type\":\"ListItem\",\"position\":2,\"name\":\"Datenschutzerkl\u00e4rung\"}]},{\"@type\":\"WebSite\",\"@id\":\"https:\\\/\\\/chicandchill.de\\\/#website\",\"url\":\"https:\\\/\\\/chicandchill.de\\\/\",\"name\":\"Chic & Chill \u2013 Friseur in Borna bei Leipzig & Chemnitz\",\"description\":\"Dein Style. Unser Handwerk.\",\"publisher\":{\"@id\":\"https:\\\/\\\/chicandchill.de\\\/#organization\"},\"alternateName\":\"Chic & Chill Friseur Borna\",\"potentialAction\":[{\"@type\":\"SearchAction\",\"target\":{\"@type\":\"EntryPoint\",\"urlTemplate\":\"https:\\\/\\\/chicandchill.de\\\/?s={search_term_string}\"},\"query-input\":{\"@type\":\"PropertyValueSpecification\",\"valueRequired\":true,\"valueName\":\"search_term_string\"}}],\"inLanguage\":\"de\"},{\"@type\":\"Organization\",\"@id\":\"https:\\\/\\\/chicandchill.de\\\/#organization\",\"name\":\"Chic & Chill \u2013 Friseur in Borna bei Leipzig & Chemnitz\",\"alternateName\":\"Chic & Chill Friseur Borna\",\"url\":\"https:\\\/\\\/chicandchill.de\\\/\",\"logo\":{\"@type\":\"ImageObject\",\"inLanguage\":\"de\",\"@id\":\"https:\\\/\\\/chicandchill.de\\\/#\\\/schema\\\/logo\\\/image\\\/\",\"url\":\"https:\\\/\\\/i0.wp.com\\\/chicandchill.de\\\/wp-content\\\/uploads\\\/2024\\\/09\\\/Transparent-Logo.png?fit=2396%2C1221&ssl=1\",\"contentUrl\":\"https:\\\/\\\/i0.wp.com\\\/chicandchill.de\\\/wp-content\\\/uploads\\\/2024\\\/09\\\/Transparent-Logo.png?fit=2396%2C1221&ssl=1\",\"width\":2396,\"height\":1221,\"caption\":\"Chic & Chill \u2013 Friseur in Borna bei Leipzig & Chemnitz\"},\"image\":{\"@id\":\"https:\\\/\\\/chicandchill.de\\\/#\\\/schema\\\/logo\\\/image\\\/\"},\"sameAs\":[\"https:\\\/\\\/www.instagram.com\\\/chicandchill_haarbaendiger\\\/\"]},{\"@type\":\"Person\",\"@id\":\"https:\\\/\\\/chicandchill.de\\\/#\\\/schema\\\/person\\\/f6e5e90510f64a8c6ccdbbb7be02a7c1\",\"name\":\"Robby Klier\",\"image\":{\"@type\":\"ImageObject\",\"inLanguage\":\"de\",\"@id\":\"https:\\\/\\\/secure.gravatar.com\\\/avatar\\\/00a4611352abea7e82132135723c0d3afd784e4d7586b0fbecc2e2af8bd8648b?s=96&d=mm&r=g\",\"url\":\"https:\\\/\\\/secure.gravatar.com\\\/avatar\\\/00a4611352abea7e82132135723c0d3afd784e4d7586b0fbecc2e2af8bd8648b?s=96&d=mm&r=g\",\"contentUrl\":\"https:\\\/\\\/secure.gravatar.com\\\/avatar\\\/00a4611352abea7e82132135723c0d3afd784e4d7586b0fbecc2e2af8bd8648b?s=96&d=mm&r=g\",\"caption\":\"Robby Klier\"},\"description\":\"Redakteur\",\"sameAs\":[\"http:\\\/\\\/chicandchill.de\"],\"url\":\"https:\\\/\\\/chicandchill.de\\\/\\\/author\\\/robbyklier\\\/\"}]}<\/script>\n<!-- \/ Yoast SEO plugin. -->","yoast_head_json":{"title":"Datenschutzerkl\u00e4rung - Chic and Chill Friseur &amp; Barbier","robots":{"index":"index","follow":"follow","max-snippet":"max-snippet:-1","max-image-preview":"max-image-preview:large","max-video-preview":"max-video-preview:-1"},"canonical":"https:\/\/chicandchill.de\/\/datenschutzerklaerung\/","og_locale":"de_DE","og_type":"article","og_title":"Datenschutzerkl\u00e4rung - Chic and Chill Friseur &amp; Barbier","og_description":"Websites und Salons, Terminvereinbarung Wir freuen uns, dass Sie unseren Internetauftritt oder einen unserer Salons besuchen und bedanken uns f\u00fcr Ihr Interesse an dem Einzelunternehmen Robby Klier und dessen gef\u00fchrten Gesch\u00e4fte auf den Internetseiten (klier.group, deinehaarstaion.de, chicandchill.de, rkkl.de, mk-handel.eu)&nbsp;wird im Folgenden informiert \u00fcber die Erhebung personenbezogener Daten bei Nutzung unserer Webseiten. Personenbezogene Daten sind alle [&hellip;]","og_url":"https:\/\/chicandchill.de\/\/datenschutzerklaerung\/","og_site_name":"Chic and Chill Friseur &amp; Barbier","article_published_time":"2024-10-01T14:10:00+00:00","article_modified_time":"2025-09-11T18:11:01+00:00","og_image":[{"width":1355,"height":1806,"url":"https:\/\/i0.wp.com\/chicandchill.de\/wp-content\/uploads\/2025\/08\/IMG_0531.webp?fit=1355%2C1806&ssl=1","type":"image\/webp"}],"author":"Robby Klier","twitter_card":"summary_large_image","twitter_misc":{"Verfasst von":"Robby Klier","Gesch\u00e4tzte Lesezeit":"13\u00a0Minuten"},"schema":{"@context":"https:\/\/schema.org","@graph":[{"@type":"Article","@id":"https:\/\/chicandchill.de\/\/datenschutzerklaerung\/#article","isPartOf":{"@id":"https:\/\/chicandchill.de\/\/datenschutzerklaerung\/"},"author":{"name":"Robby Klier","@id":"https:\/\/chicandchill.de\/#\/schema\/person\/f6e5e90510f64a8c6ccdbbb7be02a7c1"},"headline":"Datenschutzerkl\u00e4rung","datePublished":"2024-10-01T14:10:00+00:00","dateModified":"2025-09-11T18:11:01+00:00","mainEntityOfPage":{"@id":"https:\/\/chicandchill.de\/\/datenschutzerklaerung\/"},"wordCount":2470,"commentCount":0,"publisher":{"@id":"https:\/\/chicandchill.de\/#organization"},"articleSection":["Rechtliches bei Chic &amp; Chill"],"inLanguage":"de","potentialAction":[{"@type":"CommentAction","name":"Comment","target":["https:\/\/chicandchill.de\/\/datenschutzerklaerung\/#respond"]}]},{"@type":"WebPage","@id":"https:\/\/chicandchill.de\/\/datenschutzerklaerung\/","url":"https:\/\/chicandchill.de\/\/datenschutzerklaerung\/","name":"Datenschutzerkl\u00e4rung - Chic and Chill Friseur &amp; Barbier","isPartOf":{"@id":"https:\/\/chicandchill.de\/#website"},"datePublished":"2024-10-01T14:10:00+00:00","dateModified":"2025-09-11T18:11:01+00:00","breadcrumb":{"@id":"https:\/\/chicandchill.de\/\/datenschutzerklaerung\/#breadcrumb"},"inLanguage":"de","potentialAction":[{"@type":"ReadAction","target":["https:\/\/chicandchill.de\/\/datenschutzerklaerung\/"]}]},{"@type":"BreadcrumbList","@id":"https:\/\/chicandchill.de\/\/datenschutzerklaerung\/#breadcrumb","itemListElement":[{"@type":"ListItem","position":1,"name":"Startseite","item":"https:\/\/chicandchill.de\/"},{"@type":"ListItem","position":2,"name":"Datenschutzerkl\u00e4rung"}]},{"@type":"WebSite","@id":"https:\/\/chicandchill.de\/#website","url":"https:\/\/chicandchill.de\/","name":"Chic & Chill \u2013 Friseur in Borna bei Leipzig & Chemnitz","description":"Dein Style. Unser Handwerk.","publisher":{"@id":"https:\/\/chicandchill.de\/#organization"},"alternateName":"Chic & Chill Friseur Borna","potentialAction":[{"@type":"SearchAction","target":{"@type":"EntryPoint","urlTemplate":"https:\/\/chicandchill.de\/?s={search_term_string}"},"query-input":{"@type":"PropertyValueSpecification","valueRequired":true,"valueName":"search_term_string"}}],"inLanguage":"de"},{"@type":"Organization","@id":"https:\/\/chicandchill.de\/#organization","name":"Chic & Chill \u2013 Friseur in Borna bei Leipzig & Chemnitz","alternateName":"Chic & Chill Friseur Borna","url":"https:\/\/chicandchill.de\/","logo":{"@type":"ImageObject","inLanguage":"de","@id":"https:\/\/chicandchill.de\/#\/schema\/logo\/image\/","url":"https:\/\/i0.wp.com\/chicandchill.de\/wp-content\/uploads\/2024\/09\/Transparent-Logo.png?fit=2396%2C1221&ssl=1","contentUrl":"https:\/\/i0.wp.com\/chicandchill.de\/wp-content\/uploads\/2024\/09\/Transparent-Logo.png?fit=2396%2C1221&ssl=1","width":2396,"height":1221,"caption":"Chic & Chill \u2013 Friseur in Borna bei Leipzig & Chemnitz"},"image":{"@id":"https:\/\/chicandchill.de\/#\/schema\/logo\/image\/"},"sameAs":["https:\/\/www.instagram.com\/chicandchill_haarbaendiger\/"]},{"@type":"Person","@id":"https:\/\/chicandchill.de\/#\/schema\/person\/f6e5e90510f64a8c6ccdbbb7be02a7c1","name":"Robby Klier","image":{"@type":"ImageObject","inLanguage":"de","@id":"https:\/\/secure.gravatar.com\/avatar\/00a4611352abea7e82132135723c0d3afd784e4d7586b0fbecc2e2af8bd8648b?s=96&d=mm&r=g","url":"https:\/\/secure.gravatar.com\/avatar\/00a4611352abea7e82132135723c0d3afd784e4d7586b0fbecc2e2af8bd8648b?s=96&d=mm&r=g","contentUrl":"https:\/\/secure.gravatar.com\/avatar\/00a4611352abea7e82132135723c0d3afd784e4d7586b0fbecc2e2af8bd8648b?s=96&d=mm&r=g","caption":"Robby Klier"},"description":"Redakteur","sameAs":["http:\/\/chicandchill.de"],"url":"https:\/\/chicandchill.de\/\/author\/robbyklier\/"}]}},"jetpack_publicize_connections":[],"jetpack_featured_media_url":"","jetpack_sharing_enabled":true,"_links":{"self":[{"href":"https:\/\/chicandchill.de\/\/wp-json\/wp\/v2\/posts\/5064","targetHints":{"allow":["GET"]}}],"collection":[{"href":"https:\/\/chicandchill.de\/\/wp-json\/wp\/v2\/posts"}],"about":[{"href":"https:\/\/chicandchill.de\/\/wp-json\/wp\/v2\/types\/post"}],"author":[{"embeddable":true,"href":"https:\/\/chicandchill.de\/\/wp-json\/wp\/v2\/users\/1"}],"replies":[{"embeddable":true,"href":"https:\/\/chicandchill.de\/\/wp-json\/wp\/v2\/comments?post=5064"}],"version-history":[{"count":3,"href":"https:\/\/chicandchill.de\/\/wp-json\/wp\/v2\/posts\/5064\/revisions"}],"predecessor-version":[{"id":7366,"href":"https:\/\/chicandchill.de\/\/wp-json\/wp\/v2\/posts\/5064\/revisions\/7366"}],"wp:attachment":[{"href":"https:\/\/chicandchill.de\/\/wp-json\/wp\/v2\/media?parent=5064"}],"wp:term":[{"taxonomy":"category","embeddable":true,"href":"https:\/\/chicandchill.de\/\/wp-json\/wp\/v2\/categories?post=5064"},{"taxonomy":"post_tag","embeddable":true,"href":"https:\/\/chicandchill.de\/\/wp-json\/wp\/v2\/tags?post=5064"},{"taxonomy":"job-kategorie","embeddable":true,"href":"https:\/\/chicandchill.de\/\/wp-json\/wp\/v2\/job-kategorie?post=5064"},{"taxonomy":"location","embeddable":true,"href":"https:\/\/chicandchill.de\/\/wp-json\/wp\/v2\/location?post=5064"},{"taxonomy":"marken-brands","embeddable":true,"href":"https:\/\/chicandchill.de\/\/wp-json\/wp\/v2\/marken-brands?post=5064"},{"taxonomy":"spezialisiert","embeddable":true,"href":"https:\/\/chicandchill.de\/\/wp-json\/wp\/v2\/spezialisiert?post=5064"}],"curies":[{"name":"wp","href":"https:\/\/api.w.org\/{rel}","templated":true}]}}