{"id":14066,"date":"2026-01-01T00:00:00","date_gmt":"2025-12-31T23:00:00","guid":{"rendered":"https:\/\/chicandchill.de\/\/hair-filou-wird-chic-chill-markkleeberg-bekommt-neuen-namen-gleiche-qualitaet\/"},"modified":"2026-03-09T08:10:04","modified_gmt":"2026-03-09T07:10:04","slug":"hair-filou-wird-chic-chill-markkleeberg-bekommt-neuen-namen-gleiche-qualitaet","status":"publish","type":"post","link":"https:\/\/chicandchill.de\/\/hair-filou-wird-chic-chill-markkleeberg-bekommt-neuen-namen-gleiche-qualitaet\/","title":{"rendered":"Hair Filou wird Chic &#038; Chill \u2014 Markkleeberg bekommt neuen Namen, gleiche Qualit\u00e4t"},"content":{"rendered":"<style>\ndetails summary { list-style: none; display: flex; align-items: center; }\ndetails summary::-webkit-details-marker { display: none; }\ndetails summary::marker { display: none; content: ''; }\ndetails summary::before {\n  content: '+'; display: inline-flex; align-items: center; justify-content: center;\n  width: 28px; height: 28px; margin-right: 14px; font-size: 20px; font-weight: 300;\n  color: #FF622B; border: 1.5px solid #e5e5e7; border-radius: 50%; flex-shrink: 0;\n  transition: transform 0.2s ease;\n}\ndetails[open] summary::before { content: '\u2212'; }\n<\/style>\n<h2 style=\"font-size: 22px; font-weight: 600; color: #1d1d1f; margin: 0 0 32px 0;\">\n  Hair Filou wird Chic &#038; Chill \u2014 Markkleeberg bekommt neuen Namen, gleiche Qualit\u00e4t<br \/>\n<\/h2>\n<p style=\"font-size: 16px; color: #6f6f77; line-height: 1.6; margin: 0 0 16px 0;\">\n  <strong>Sch\u00f6ne Nachricht:<\/strong> Hair Filou Markkleeberg ist jetzt offiziell Teil der Chic &#038; Chill Familie. Der Name \u00e4ndert sich, aber das Wichtigste bleibt: Manuela Schollbach und ihre Expertise. Sauber, professionell, Premium \u2014 das war Hair Filou schon immer. Jetzt mit noch mehr M\u00f6glichkeiten.\n<\/p>\n<h3 style=\"font-size: 18px; font-weight: 600; color: #1d1d1f; margin: 32px 0 16px 0;\">\n  Dein Friseur Markkleeberg bleibt \u2014 nur besser<br \/>\n<\/h3>\n<p style=\"font-size: 16px; color: #6f6f77; line-height: 1.6; margin: 0 0 24px 0;\">\n  Manuela Schollbach ist die Seele dieses Salons \u2014 und das bleibt so. Sie arbeitet weiterhin f\u00fcr dich, mit der gleichen Sorgfalt und Professionalit\u00e4t. Das \u00e4ndert sich:\n<\/p>\n<div class=\"benefit-section\" style=\"display: flex; align-items: flex-start; margin: 20px 0; padding: 20px 0; border-top: 1px solid #e5e5e7;\">\n<div class=\"benefit-icon\" style=\"flex-shrink: 0; margin-right: 16px;\">\n    <svg width=\"24\" height=\"24\" viewBox=\"0 0 24 24\" fill=\"none\" stroke=\"#FF622B\" stroke-width=\"2\" stroke-linecap=\"round\" stroke-linejoin=\"round\">\n      <path d=\"M22 11.08V12a10 10 0 1 1-5.93-9.14\"\/><polyline points=\"22 4 12 14.01 9 11.01\"><\/polyline>\n    <\/svg>\n  <\/div>\n<div class=\"benefit-content\">\n<h4 style=\"font-size: 16px; font-weight: 600; margin: 0; color: #1d1d1f;\">Manuela ist weiterhin deine Ansprechpartnerin<\/h4>\n<p style=\"font-size: 16px; color: #6f6f77; line-height: 1.6; margin: 8px 0 0 0;\">Keine neuen Gesichter, kein Wechsel. Manuela kennt deine Haare, deine Vorlieben, deine Routine. Das bleibt unver\u00e4ndert.<\/p>\n<\/p><\/div>\n<\/div>\n<div class=\"benefit-section\" style=\"display: flex; align-items: flex-start; margin: 20px 0; padding: 20px 0; border-top: 1px solid #e5e5e7;\">\n<div class=\"benefit-icon\" style=\"flex-shrink: 0; margin-right: 16px;\">\n    <svg width=\"24\" height=\"24\" viewBox=\"0 0 24 24\" fill=\"none\" stroke=\"#FF622B\" stroke-width=\"2\" stroke-linecap=\"round\" stroke-linejoin=\"round\">\n      <rect x=\"3\" y=\"11\" width=\"18\" height=\"11\" rx=\"2\" ry=\"2\"\/><path d=\"M7 11V7a5 5 0 0 1 10 0v4\"\/>\n    <\/svg>\n  <\/div>\n<div class=\"benefit-content\">\n<h4 style=\"font-size: 16px; font-weight: 600; margin: 0; color: #1d1d1f;\">4 Salons statt 1<\/h4>\n<p style=\"font-size: 16px; color: #6f6f77; line-height: 1.6; margin: 8px 0 0 0;\">Chic &#038; Chill hat jetzt 4 Standorte. Leipzig, Markkleeberg, Borna, Altenburg \u2014 dein Salon ist Teil eines gr\u00f6\u00dferen Netzwerks.<\/p>\n<\/p><\/div>\n<\/div>\n<div class=\"benefit-section\" style=\"display: flex; align-items: flex-start; margin: 20px 0; padding: 20px 0; border-top: 1px solid #e5e5e7;\">\n<div class=\"benefit-icon\" style=\"flex-shrink: 0; margin-right: 16px;\">\n    <svg width=\"24\" height=\"24\" viewBox=\"0 0 24 24\" fill=\"none\" stroke=\"#FF622B\" stroke-width=\"2\" stroke-linecap=\"round\" stroke-linejoin=\"round\">\n      <path d=\"M17 21v-2a4 4 0 0 0-4-4H5a4 4 0 0 0-4 4v2\"\/><circle cx=\"9\" cy=\"7\" r=\"4\"\/><path d=\"M23 21v-2a4 4 0 0 0-3-3.87\"\/><path d=\"M16 3.13a4 4 0 0 1 0 7.75\"\/>\n    <\/svg>\n  <\/div>\n<div class=\"benefit-content\">\n<h4 style=\"font-size: 16px; font-weight: 600; margin: 0; color: #1d1d1f;\">Premium-Standards einheitlich<\/h4>\n<p style=\"font-size: 16px; color: #6f6f77; line-height: 1.6; margin: 8px 0 0 0;\">Haarverl\u00e4ngerungen, Barbier-Services, Haardesign \u2014 alles jetzt unter einem Standard. Was in Markkleeberg gut war, wird noch besser.<\/p>\n<\/p><\/div>\n<\/div>\n<h3 style=\"font-size: 18px; font-weight: 600; color: #1d1d1f; margin: 32px 0 16px 0;\">\n  Warum der Name wechselt \u2014 aber nicht die Qualit\u00e4t<br \/>\n<\/h3>\n<p style=\"font-size: 16px; color: #6f6f77; line-height: 1.6; margin: 0 0 24px 0;\">\n  Hair Filou war ein erfolgreicher, etablierter Salon \u2014 professionell, sauber, zuverl\u00e4ssig. Genau das ist Chic &#038; Chill&#8217;s Philosophie auch. Der Name &#8222;Chic &#038; Chill Hair Filou&#8220; verbindet beides: Die Expertise von Manuela + die Standards der Chic &#038; Chill Familie.\n<\/p>\n<p style=\"font-size: 16px; color: #6f6f77; line-height: 1.6; margin: 0 0 24px 0;\">\n  F\u00fcr dich als Kunde hei\u00dft das konkret: Alles bleibt beim Alten, nur dass jetzt ein gr\u00f6\u00dferes Team hinter Manuela steht. Mehr Support, gleiche Qualit\u00e4t.\n<\/p>\n<h3 style=\"font-size: 18px; font-weight: 600; color: #1d1d1f; margin: 32px 0 16px 0;\">\n  H\u00e4ufig gefragt<br \/>\n<\/h3>\n<details style=\"margin: 16px 0; padding: 16px 0; border-top: 1px solid #e5e5e7;\">\n<summary style=\"font-size: 16px; font-weight: 600; color: #1d1d1f; cursor: pointer;\">\n    <strong>Kann ich noch bei Manuela buchen?<\/strong><br \/>\n  <\/summary>\n<p style=\"font-size: 16px; color: #6f6f77; line-height: 1.6; margin-top: 12px;\">Ja, nat\u00fcrlich. Manuela ist deine Ansprechpartnerin \u2014 online auf chicandchill.de oder per WhatsApp erreichbar.<\/p>\n<\/details>\n<details style=\"margin: 16px 0; padding: 16px 0; border-top: 1px solid #e5e5e7;\">\n<summary style=\"font-size: 16px; font-weight: 600; color: #1d1d1f; cursor: pointer;\">\n    <strong>\u00c4ndern sich die \u00d6ffnungszeiten?<\/strong><br \/>\n  <\/summary>\n<p style=\"font-size: 16px; color: #6f6f77; line-height: 1.6; margin-top: 12px;\">Nein. Di-Sa 08:00-18:00 Uhr (Montag geschlossen) \u2014 wie immer. Komm einfach vorbei.<\/p>\n<\/details>\n<details style=\"margin: 16px 0; padding: 16px 0; border-top: 1px solid #e5e5e7;\">\n<summary style=\"font-size: 16px; font-weight: 600; color: #1d1d1f; cursor: pointer;\">\n    <strong>Was ist mit meinen Treuepunkten \/ Gutscheinen?<\/strong><br \/>\n  <\/summary>\n<p style=\"font-size: 16px; color: #6f6f77; line-height: 1.6; margin-top: 12px;\">Frag Manuela direkt \u2014 sie regelt das mit dir. Der \u00dcbergang l\u00e4uft reibungslos.<\/p>\n<\/details>\n<details style=\"margin: 16px 0; padding: 16px 0; border-top: 1px solid #e5e5e7;\">\n<summary style=\"font-size: 16px; font-weight: 600; color: #1d1d1f; cursor: pointer;\">\n    <strong>\u00c4ndert sich etwas am Salon selbst?<\/strong><br \/>\n  <\/summary>\n<p style=\"font-size: 16px; color: #6f6f77; line-height: 1.6; margin-top: 12px;\">Nein. Der Salon bleibt wie er war \u2014 sauber, professionell, gem\u00fctlich. Wir passen nicht an, wenn es nicht n\u00f6tig ist.<\/p>\n<\/details>\n<p style=\"font-size: 16px; color: #6f6f77; line-height: 1.6; margin: 32px 0 0 0;\">\n  <strong>Fragen zu Hair Filou Markkleeberg?<\/strong> Komm vorbei oder schreib Manuela eine Nachricht. Sie freut sich auf dich!\n<\/p>\n<p><a href=\"https:\/\/chicandchill.de\/standorte\/\" \n   style=\"display: block; width: 100%; padding: 16px 24px; margin: 32px 0 0 0;\n          background: linear-gradient(135deg, #FF622B 0%, #FF8A50 100%);\n          color: white; text-align: center; font-size: 16px; font-weight: 600;\n          border-radius: 12px; text-decoration: none; box-sizing: border-box;\n          box-shadow: 0 4px 12px rgba(255, 98, 43, 0.3);\"><br \/>\n  Termin buchen \u2014 Markkleeberg<br \/>\n<\/a><\/p>\n","protected":false},"excerpt":{"rendered":"<p>Hair Filou wird Chic &#038; Chill Markkleeberg. Manuela bleibt. Friseur Markkleeberg, gleiche Qualit\u00e4t, neue Marke. Premium-Salon jetzt Teil der Chic &#038; Chill Familie.<\/p>\n","protected":false},"author":125,"featured_media":14065,"comment_status":"open","ping_status":"closed","sticky":false,"template":"","format":"standard","meta":{"_acf_changed":false,"_jetpack_memberships_contains_paid_content":false,"footnotes":"","jetpack_publicize_message":"Hair Filou wird Chic & Chill \u2014 Markkleeberg bekommt neuen Namen, gleiche Qualit\u00e4t","jetpack_publicize_feature_enabled":true,"jetpack_social_post_already_shared":true,"jetpack_social_options":{"image_generator_settings":{"template":"highway","default_image_id":0,"font":"","enabled":false},"version":2}},"categories":[14,1032],"tags":[],"job-kategorie":[],"location":[],"marken-brands":[],"spezialisiert":[],"class_list":["post-14066","post","type-post","status-publish","format-standard","has-post-thumbnail","hentry","category-blog","category-timeline"],"acf":[],"yoast_head":"<!-- This site is optimized with the Yoast SEO plugin v27.5 - https:\/\/yoast.com\/product\/yoast-seo-wordpress\/ -->\n<title>Hair Filou wird Chic &amp; Chill \u2014 Markkleeberg bekommt neuen Namen, gleiche Qualit\u00e4t - Chic and Chill Friseur &amp; Barbier<\/title>\n<meta name=\"robots\" content=\"index, follow, max-snippet:-1, max-image-preview:large, max-video-preview:-1\" \/>\n<link rel=\"canonical\" href=\"https:\/\/chicandchill.de\/\/hair-filou-wird-chic-chill-markkleeberg-bekommt-neuen-namen-gleiche-qualitaet\/\" \/>\n<meta property=\"og:locale\" content=\"de_DE\" \/>\n<meta property=\"og:type\" content=\"article\" \/>\n<meta property=\"og:title\" content=\"Hair Filou wird Chic &amp; Chill \u2014 Markkleeberg bekommt neuen Namen, gleiche Qualit\u00e4t - Chic and Chill Friseur &amp; Barbier\" \/>\n<meta property=\"og:description\" content=\"Hair Filou wird Chic &amp; Chill Markkleeberg. Manuela bleibt. Friseur Markkleeberg, gleiche Qualit\u00e4t, neue Marke. Premium-Salon jetzt Teil der Chic &amp; Chill Familie.\" \/>\n<meta property=\"og:url\" content=\"https:\/\/chicandchill.de\/\/hair-filou-wird-chic-chill-markkleeberg-bekommt-neuen-namen-gleiche-qualitaet\/\" \/>\n<meta property=\"og:site_name\" content=\"Chic and Chill Friseur &amp; Barbier\" \/>\n<meta property=\"article:published_time\" content=\"2025-12-31T23:00:00+00:00\" \/>\n<meta property=\"article:modified_time\" content=\"2026-03-09T07:10:04+00:00\" \/>\n<meta property=\"og:image\" content=\"https:\/\/i0.wp.com\/chicandchill.de\/wp-content\/uploads\/2026\/03\/hair-filou-markkleeberg.webp?fit=1537%2C2310&ssl=1\" \/>\n\t<meta property=\"og:image:width\" content=\"1537\" \/>\n\t<meta property=\"og:image:height\" content=\"2310\" \/>\n\t<meta property=\"og:image:type\" content=\"image\/webp\" \/>\n<meta name=\"author\" content=\"By Chic &amp; Chill Team\" \/>\n<meta name=\"twitter:card\" content=\"summary_large_image\" \/>\n<meta name=\"twitter:label1\" content=\"Verfasst von\" \/>\n\t<meta name=\"twitter:data1\" content=\"By Chic &amp; Chill Team\" \/>\n\t<meta name=\"twitter:label2\" content=\"Gesch\u00e4tzte Lesezeit\" \/>\n\t<meta name=\"twitter:data2\" content=\"2\u00a0Minuten\" \/>\n<script type=\"application\/ld+json\" class=\"yoast-schema-graph\">{\"@context\":\"https:\\\/\\\/schema.org\",\"@graph\":[{\"@type\":\"Article\",\"@id\":\"https:\\\/\\\/chicandchill.de\\\/\\\/hair-filou-wird-chic-chill-markkleeberg-bekommt-neuen-namen-gleiche-qualitaet\\\/#article\",\"isPartOf\":{\"@id\":\"https:\\\/\\\/chicandchill.de\\\/\\\/hair-filou-wird-chic-chill-markkleeberg-bekommt-neuen-namen-gleiche-qualitaet\\\/\"},\"author\":{\"name\":\"By Chic &amp; Chill Team\",\"@id\":\"https:\\\/\\\/chicandchill.de\\\/#\\\/schema\\\/person\\\/73f5fc157422d4e9c4cc0877184db5f7\"},\"headline\":\"Hair Filou wird Chic &#038; Chill \u2014 Markkleeberg bekommt neuen Namen, gleiche Qualit\u00e4t\",\"datePublished\":\"2025-12-31T23:00:00+00:00\",\"dateModified\":\"2026-03-09T07:10:04+00:00\",\"mainEntityOfPage\":{\"@id\":\"https:\\\/\\\/chicandchill.de\\\/\\\/hair-filou-wird-chic-chill-markkleeberg-bekommt-neuen-namen-gleiche-qualitaet\\\/\"},\"wordCount\":338,\"commentCount\":0,\"publisher\":{\"@id\":\"https:\\\/\\\/chicandchill.de\\\/#organization\"},\"image\":{\"@id\":\"https:\\\/\\\/chicandchill.de\\\/\\\/hair-filou-wird-chic-chill-markkleeberg-bekommt-neuen-namen-gleiche-qualitaet\\\/#primaryimage\"},\"thumbnailUrl\":\"https:\\\/\\\/i0.wp.com\\\/chicandchill.de\\\/wp-content\\\/uploads\\\/2026\\\/03\\\/hair-filou-markkleeberg.webp?fit=1537%2C2310&ssl=1\",\"articleSection\":[\"Chicnews\",\"Timeline\"],\"inLanguage\":\"de\",\"potentialAction\":[{\"@type\":\"CommentAction\",\"name\":\"Comment\",\"target\":[\"https:\\\/\\\/chicandchill.de\\\/\\\/hair-filou-wird-chic-chill-markkleeberg-bekommt-neuen-namen-gleiche-qualitaet\\\/#respond\"]}]},{\"@type\":\"WebPage\",\"@id\":\"https:\\\/\\\/chicandchill.de\\\/\\\/hair-filou-wird-chic-chill-markkleeberg-bekommt-neuen-namen-gleiche-qualitaet\\\/\",\"url\":\"https:\\\/\\\/chicandchill.de\\\/\\\/hair-filou-wird-chic-chill-markkleeberg-bekommt-neuen-namen-gleiche-qualitaet\\\/\",\"name\":\"Hair Filou wird Chic & Chill \u2014 Markkleeberg bekommt neuen Namen, gleiche Qualit\u00e4t - Chic and Chill Friseur &amp; Barbier\",\"isPartOf\":{\"@id\":\"https:\\\/\\\/chicandchill.de\\\/#website\"},\"primaryImageOfPage\":{\"@id\":\"https:\\\/\\\/chicandchill.de\\\/\\\/hair-filou-wird-chic-chill-markkleeberg-bekommt-neuen-namen-gleiche-qualitaet\\\/#primaryimage\"},\"image\":{\"@id\":\"https:\\\/\\\/chicandchill.de\\\/\\\/hair-filou-wird-chic-chill-markkleeberg-bekommt-neuen-namen-gleiche-qualitaet\\\/#primaryimage\"},\"thumbnailUrl\":\"https:\\\/\\\/i0.wp.com\\\/chicandchill.de\\\/wp-content\\\/uploads\\\/2026\\\/03\\\/hair-filou-markkleeberg.webp?fit=1537%2C2310&ssl=1\",\"datePublished\":\"2025-12-31T23:00:00+00:00\",\"dateModified\":\"2026-03-09T07:10:04+00:00\",\"breadcrumb\":{\"@id\":\"https:\\\/\\\/chicandchill.de\\\/\\\/hair-filou-wird-chic-chill-markkleeberg-bekommt-neuen-namen-gleiche-qualitaet\\\/#breadcrumb\"},\"inLanguage\":\"de\",\"potentialAction\":[{\"@type\":\"ReadAction\",\"target\":[\"https:\\\/\\\/chicandchill.de\\\/\\\/hair-filou-wird-chic-chill-markkleeberg-bekommt-neuen-namen-gleiche-qualitaet\\\/\"]}]},{\"@type\":\"ImageObject\",\"inLanguage\":\"de\",\"@id\":\"https:\\\/\\\/chicandchill.de\\\/\\\/hair-filou-wird-chic-chill-markkleeberg-bekommt-neuen-namen-gleiche-qualitaet\\\/#primaryimage\",\"url\":\"https:\\\/\\\/i0.wp.com\\\/chicandchill.de\\\/wp-content\\\/uploads\\\/2026\\\/03\\\/hair-filou-markkleeberg.webp?fit=1537%2C2310&ssl=1\",\"contentUrl\":\"https:\\\/\\\/i0.wp.com\\\/chicandchill.de\\\/wp-content\\\/uploads\\\/2026\\\/03\\\/hair-filou-markkleeberg.webp?fit=1537%2C2310&ssl=1\",\"width\":1537,\"height\":2310},{\"@type\":\"BreadcrumbList\",\"@id\":\"https:\\\/\\\/chicandchill.de\\\/\\\/hair-filou-wird-chic-chill-markkleeberg-bekommt-neuen-namen-gleiche-qualitaet\\\/#breadcrumb\",\"itemListElement\":[{\"@type\":\"ListItem\",\"position\":1,\"name\":\"Startseite\",\"item\":\"https:\\\/\\\/chicandchill.de\\\/\"},{\"@type\":\"ListItem\",\"position\":2,\"name\":\"Hair Filou wird Chic &#038; Chill \u2014 Markkleeberg bekommt neuen Namen, gleiche Qualit\u00e4t\"}]},{\"@type\":\"WebSite\",\"@id\":\"https:\\\/\\\/chicandchill.de\\\/#website\",\"url\":\"https:\\\/\\\/chicandchill.de\\\/\",\"name\":\"Chic & Chill \u2013 Friseur in Borna bei Leipzig & Chemnitz\",\"description\":\"Dein Style. Unser Handwerk.\",\"publisher\":{\"@id\":\"https:\\\/\\\/chicandchill.de\\\/#organization\"},\"alternateName\":\"Chic & Chill Friseur Borna\",\"potentialAction\":[{\"@type\":\"SearchAction\",\"target\":{\"@type\":\"EntryPoint\",\"urlTemplate\":\"https:\\\/\\\/chicandchill.de\\\/?s={search_term_string}\"},\"query-input\":{\"@type\":\"PropertyValueSpecification\",\"valueRequired\":true,\"valueName\":\"search_term_string\"}}],\"inLanguage\":\"de\"},{\"@type\":\"Organization\",\"@id\":\"https:\\\/\\\/chicandchill.de\\\/#organization\",\"name\":\"Chic & Chill \u2013 Friseur in Borna bei Leipzig & Chemnitz\",\"alternateName\":\"Chic & Chill Friseur Borna\",\"url\":\"https:\\\/\\\/chicandchill.de\\\/\",\"logo\":{\"@type\":\"ImageObject\",\"inLanguage\":\"de\",\"@id\":\"https:\\\/\\\/chicandchill.de\\\/#\\\/schema\\\/logo\\\/image\\\/\",\"url\":\"https:\\\/\\\/i0.wp.com\\\/chicandchill.de\\\/wp-content\\\/uploads\\\/2024\\\/09\\\/Transparent-Logo.png?fit=2396%2C1221&ssl=1\",\"contentUrl\":\"https:\\\/\\\/i0.wp.com\\\/chicandchill.de\\\/wp-content\\\/uploads\\\/2024\\\/09\\\/Transparent-Logo.png?fit=2396%2C1221&ssl=1\",\"width\":2396,\"height\":1221,\"caption\":\"Chic & Chill \u2013 Friseur in Borna bei Leipzig & Chemnitz\"},\"image\":{\"@id\":\"https:\\\/\\\/chicandchill.de\\\/#\\\/schema\\\/logo\\\/image\\\/\"},\"sameAs\":[\"https:\\\/\\\/www.instagram.com\\\/chicandchill_haarbaendiger\\\/\"]},{\"@type\":\"Person\",\"@id\":\"https:\\\/\\\/chicandchill.de\\\/#\\\/schema\\\/person\\\/73f5fc157422d4e9c4cc0877184db5f7\",\"name\":\"By Chic &amp; Chill Team\",\"image\":{\"@type\":\"ImageObject\",\"inLanguage\":\"de\",\"@id\":\"https:\\\/\\\/secure.gravatar.com\\\/avatar\\\/e1dee2e83fff265e71976de0920b34d4b2870dedbae85ae12ea0988467c35257?s=96&d=mm&r=g\",\"url\":\"https:\\\/\\\/secure.gravatar.com\\\/avatar\\\/e1dee2e83fff265e71976de0920b34d4b2870dedbae85ae12ea0988467c35257?s=96&d=mm&r=g\",\"contentUrl\":\"https:\\\/\\\/secure.gravatar.com\\\/avatar\\\/e1dee2e83fff265e71976de0920b34d4b2870dedbae85ae12ea0988467c35257?s=96&d=mm&r=g\",\"caption\":\"By Chic &amp; Chill Team\"},\"url\":\"https:\\\/\\\/chicandchill.de\\\/\\\/author\\\/blogpost\\\/\"}]}<\/script>\n<!-- \/ Yoast SEO plugin. -->","yoast_head_json":{"title":"Hair Filou wird Chic & Chill \u2014 Markkleeberg bekommt neuen Namen, gleiche Qualit\u00e4t - Chic and Chill Friseur &amp; Barbier","robots":{"index":"index","follow":"follow","max-snippet":"max-snippet:-1","max-image-preview":"max-image-preview:large","max-video-preview":"max-video-preview:-1"},"canonical":"https:\/\/chicandchill.de\/\/hair-filou-wird-chic-chill-markkleeberg-bekommt-neuen-namen-gleiche-qualitaet\/","og_locale":"de_DE","og_type":"article","og_title":"Hair Filou wird Chic & Chill \u2014 Markkleeberg bekommt neuen Namen, gleiche Qualit\u00e4t - Chic and Chill Friseur &amp; Barbier","og_description":"Hair Filou wird Chic & Chill Markkleeberg. Manuela bleibt. Friseur Markkleeberg, gleiche Qualit\u00e4t, neue Marke. Premium-Salon jetzt Teil der Chic & Chill Familie.","og_url":"https:\/\/chicandchill.de\/\/hair-filou-wird-chic-chill-markkleeberg-bekommt-neuen-namen-gleiche-qualitaet\/","og_site_name":"Chic and Chill Friseur &amp; Barbier","article_published_time":"2025-12-31T23:00:00+00:00","article_modified_time":"2026-03-09T07:10:04+00:00","og_image":[{"width":1537,"height":2310,"url":"https:\/\/i0.wp.com\/chicandchill.de\/wp-content\/uploads\/2026\/03\/hair-filou-markkleeberg.webp?fit=1537%2C2310&ssl=1","type":"image\/webp"}],"author":"By Chic &amp; Chill Team","twitter_card":"summary_large_image","twitter_misc":{"Verfasst von":"By Chic &amp; Chill Team","Gesch\u00e4tzte Lesezeit":"2\u00a0Minuten"},"schema":{"@context":"https:\/\/schema.org","@graph":[{"@type":"Article","@id":"https:\/\/chicandchill.de\/\/hair-filou-wird-chic-chill-markkleeberg-bekommt-neuen-namen-gleiche-qualitaet\/#article","isPartOf":{"@id":"https:\/\/chicandchill.de\/\/hair-filou-wird-chic-chill-markkleeberg-bekommt-neuen-namen-gleiche-qualitaet\/"},"author":{"name":"By Chic &amp; Chill Team","@id":"https:\/\/chicandchill.de\/#\/schema\/person\/73f5fc157422d4e9c4cc0877184db5f7"},"headline":"Hair Filou wird Chic &#038; Chill \u2014 Markkleeberg bekommt neuen Namen, gleiche Qualit\u00e4t","datePublished":"2025-12-31T23:00:00+00:00","dateModified":"2026-03-09T07:10:04+00:00","mainEntityOfPage":{"@id":"https:\/\/chicandchill.de\/\/hair-filou-wird-chic-chill-markkleeberg-bekommt-neuen-namen-gleiche-qualitaet\/"},"wordCount":338,"commentCount":0,"publisher":{"@id":"https:\/\/chicandchill.de\/#organization"},"image":{"@id":"https:\/\/chicandchill.de\/\/hair-filou-wird-chic-chill-markkleeberg-bekommt-neuen-namen-gleiche-qualitaet\/#primaryimage"},"thumbnailUrl":"https:\/\/i0.wp.com\/chicandchill.de\/wp-content\/uploads\/2026\/03\/hair-filou-markkleeberg.webp?fit=1537%2C2310&ssl=1","articleSection":["Chicnews","Timeline"],"inLanguage":"de","potentialAction":[{"@type":"CommentAction","name":"Comment","target":["https:\/\/chicandchill.de\/\/hair-filou-wird-chic-chill-markkleeberg-bekommt-neuen-namen-gleiche-qualitaet\/#respond"]}]},{"@type":"WebPage","@id":"https:\/\/chicandchill.de\/\/hair-filou-wird-chic-chill-markkleeberg-bekommt-neuen-namen-gleiche-qualitaet\/","url":"https:\/\/chicandchill.de\/\/hair-filou-wird-chic-chill-markkleeberg-bekommt-neuen-namen-gleiche-qualitaet\/","name":"Hair Filou wird Chic & Chill \u2014 Markkleeberg bekommt neuen Namen, gleiche Qualit\u00e4t - Chic and Chill Friseur &amp; Barbier","isPartOf":{"@id":"https:\/\/chicandchill.de\/#website"},"primaryImageOfPage":{"@id":"https:\/\/chicandchill.de\/\/hair-filou-wird-chic-chill-markkleeberg-bekommt-neuen-namen-gleiche-qualitaet\/#primaryimage"},"image":{"@id":"https:\/\/chicandchill.de\/\/hair-filou-wird-chic-chill-markkleeberg-bekommt-neuen-namen-gleiche-qualitaet\/#primaryimage"},"thumbnailUrl":"https:\/\/i0.wp.com\/chicandchill.de\/wp-content\/uploads\/2026\/03\/hair-filou-markkleeberg.webp?fit=1537%2C2310&ssl=1","datePublished":"2025-12-31T23:00:00+00:00","dateModified":"2026-03-09T07:10:04+00:00","breadcrumb":{"@id":"https:\/\/chicandchill.de\/\/hair-filou-wird-chic-chill-markkleeberg-bekommt-neuen-namen-gleiche-qualitaet\/#breadcrumb"},"inLanguage":"de","potentialAction":[{"@type":"ReadAction","target":["https:\/\/chicandchill.de\/\/hair-filou-wird-chic-chill-markkleeberg-bekommt-neuen-namen-gleiche-qualitaet\/"]}]},{"@type":"ImageObject","inLanguage":"de","@id":"https:\/\/chicandchill.de\/\/hair-filou-wird-chic-chill-markkleeberg-bekommt-neuen-namen-gleiche-qualitaet\/#primaryimage","url":"https:\/\/i0.wp.com\/chicandchill.de\/wp-content\/uploads\/2026\/03\/hair-filou-markkleeberg.webp?fit=1537%2C2310&ssl=1","contentUrl":"https:\/\/i0.wp.com\/chicandchill.de\/wp-content\/uploads\/2026\/03\/hair-filou-markkleeberg.webp?fit=1537%2C2310&ssl=1","width":1537,"height":2310},{"@type":"BreadcrumbList","@id":"https:\/\/chicandchill.de\/\/hair-filou-wird-chic-chill-markkleeberg-bekommt-neuen-namen-gleiche-qualitaet\/#breadcrumb","itemListElement":[{"@type":"ListItem","position":1,"name":"Startseite","item":"https:\/\/chicandchill.de\/"},{"@type":"ListItem","position":2,"name":"Hair Filou wird Chic &#038; Chill \u2014 Markkleeberg bekommt neuen Namen, gleiche Qualit\u00e4t"}]},{"@type":"WebSite","@id":"https:\/\/chicandchill.de\/#website","url":"https:\/\/chicandchill.de\/","name":"Chic & Chill \u2013 Friseur in Borna bei Leipzig & Chemnitz","description":"Dein Style. Unser Handwerk.","publisher":{"@id":"https:\/\/chicandchill.de\/#organization"},"alternateName":"Chic & Chill Friseur Borna","potentialAction":[{"@type":"SearchAction","target":{"@type":"EntryPoint","urlTemplate":"https:\/\/chicandchill.de\/?s={search_term_string}"},"query-input":{"@type":"PropertyValueSpecification","valueRequired":true,"valueName":"search_term_string"}}],"inLanguage":"de"},{"@type":"Organization","@id":"https:\/\/chicandchill.de\/#organization","name":"Chic & Chill \u2013 Friseur in Borna bei Leipzig & Chemnitz","alternateName":"Chic & Chill Friseur Borna","url":"https:\/\/chicandchill.de\/","logo":{"@type":"ImageObject","inLanguage":"de","@id":"https:\/\/chicandchill.de\/#\/schema\/logo\/image\/","url":"https:\/\/i0.wp.com\/chicandchill.de\/wp-content\/uploads\/2024\/09\/Transparent-Logo.png?fit=2396%2C1221&ssl=1","contentUrl":"https:\/\/i0.wp.com\/chicandchill.de\/wp-content\/uploads\/2024\/09\/Transparent-Logo.png?fit=2396%2C1221&ssl=1","width":2396,"height":1221,"caption":"Chic & Chill \u2013 Friseur in Borna bei Leipzig & Chemnitz"},"image":{"@id":"https:\/\/chicandchill.de\/#\/schema\/logo\/image\/"},"sameAs":["https:\/\/www.instagram.com\/chicandchill_haarbaendiger\/"]},{"@type":"Person","@id":"https:\/\/chicandchill.de\/#\/schema\/person\/73f5fc157422d4e9c4cc0877184db5f7","name":"By Chic &amp; Chill Team","image":{"@type":"ImageObject","inLanguage":"de","@id":"https:\/\/secure.gravatar.com\/avatar\/e1dee2e83fff265e71976de0920b34d4b2870dedbae85ae12ea0988467c35257?s=96&d=mm&r=g","url":"https:\/\/secure.gravatar.com\/avatar\/e1dee2e83fff265e71976de0920b34d4b2870dedbae85ae12ea0988467c35257?s=96&d=mm&r=g","contentUrl":"https:\/\/secure.gravatar.com\/avatar\/e1dee2e83fff265e71976de0920b34d4b2870dedbae85ae12ea0988467c35257?s=96&d=mm&r=g","caption":"By Chic &amp; Chill Team"},"url":"https:\/\/chicandchill.de\/\/author\/blogpost\/"}]}},"jetpack_publicize_connections":[],"jetpack_featured_media_url":"https:\/\/i0.wp.com\/chicandchill.de\/wp-content\/uploads\/2026\/03\/hair-filou-markkleeberg.webp?fit=1537%2C2310&ssl=1","jetpack_sharing_enabled":true,"_links":{"self":[{"href":"https:\/\/chicandchill.de\/\/wp-json\/wp\/v2\/posts\/14066","targetHints":{"allow":["GET"]}}],"collection":[{"href":"https:\/\/chicandchill.de\/\/wp-json\/wp\/v2\/posts"}],"about":[{"href":"https:\/\/chicandchill.de\/\/wp-json\/wp\/v2\/types\/post"}],"author":[{"embeddable":true,"href":"https:\/\/chicandchill.de\/\/wp-json\/wp\/v2\/users\/125"}],"replies":[{"embeddable":true,"href":"https:\/\/chicandchill.de\/\/wp-json\/wp\/v2\/comments?post=14066"}],"version-history":[{"count":2,"href":"https:\/\/chicandchill.de\/\/wp-json\/wp\/v2\/posts\/14066\/revisions"}],"predecessor-version":[{"id":14068,"href":"https:\/\/chicandchill.de\/\/wp-json\/wp\/v2\/posts\/14066\/revisions\/14068"}],"wp:featuredmedia":[{"embeddable":true,"href":"https:\/\/chicandchill.de\/\/wp-json\/wp\/v2\/media\/14065"}],"wp:attachment":[{"href":"https:\/\/chicandchill.de\/\/wp-json\/wp\/v2\/media?parent=14066"}],"wp:term":[{"taxonomy":"category","embeddable":true,"href":"https:\/\/chicandchill.de\/\/wp-json\/wp\/v2\/categories?post=14066"},{"taxonomy":"post_tag","embeddable":true,"href":"https:\/\/chicandchill.de\/\/wp-json\/wp\/v2\/tags?post=14066"},{"taxonomy":"job-kategorie","embeddable":true,"href":"https:\/\/chicandchill.de\/\/wp-json\/wp\/v2\/job-kategorie?post=14066"},{"taxonomy":"location","embeddable":true,"href":"https:\/\/chicandchill.de\/\/wp-json\/wp\/v2\/location?post=14066"},{"taxonomy":"marken-brands","embeddable":true,"href":"https:\/\/chicandchill.de\/\/wp-json\/wp\/v2\/marken-brands?post=14066"},{"taxonomy":"spezialisiert","embeddable":true,"href":"https:\/\/chicandchill.de\/\/wp-json\/wp\/v2\/spezialisiert?post=14066"}],"curies":[{"name":"wp","href":"https:\/\/api.w.org\/{rel}","templated":true}]}}