{"id":12147,"date":"2025-10-29T01:20:47","date_gmt":"2025-10-29T00:20:47","guid":{"rendered":"https:\/\/chicandchill.de\/?p=12147"},"modified":"2026-01-18T03:19:45","modified_gmt":"2026-01-18T02:19:45","slug":"1-jahr-chic-chill-feiere-mit-uns","status":"publish","type":"post","link":"https:\/\/chicandchill.de\/\/1-jahr-chic-chill-feiere-mit-uns\/","title":{"rendered":"1 Jahr Chic &#038; Chill \u2013 Feiere mit uns!"},"content":{"rendered":"\n<h2 class=\"wp-block-heading\">Ein Jahr voller Stil, Leidenschaft und gemeinsamer Momente<\/h2>\n\n\n\n<p>Kaum zu glauben \u2013 <strong>Chic &amp; Chill<\/strong> wird <strong>ein Jahr alt!<\/strong><br>Was am 1. November 2024 mit viel Herzblut, Leidenschaft und einem gro\u00dfartigen Team begann, hat sich zu einem echten Wohlf\u00fchlort in <strong>Borna<\/strong> entwickelt. Jeden Tag geben wir alles, damit du mit einem L\u00e4cheln und perfektem Look nach Hause gehst.<\/p>\n\n\n\n<p>Jetzt ist es Zeit, Danke zu sagen \u2013 und das feiern wir gemeinsam mit euch!<\/p>\n\n\n\n<h2 class=\"wp-block-heading\">\ud83d\uddd3 Wann &amp; Wo?<\/h2>\n\n\n\n<ul class=\"wp-block-list\">\n<li><strong>\ud83d\udcc5 Datum:<\/strong> Samstag, 01. November 2025<\/li>\n\n\n\n<li><strong>\ud83d\udd52 Uhrzeit:<\/strong> ab 15:00 Uhr<\/li>\n\n\n\n<li><strong>\ud83d\udccd Ort:<\/strong> Leipziger Stra\u00dfe 90, 04552 Borna<\/li>\n<\/ul>\n\n\n\n<h2 class=\"wp-block-heading\">\ud83c\udf8a Das erwartet dich<\/h2>\n\n\n\n<ul class=\"wp-block-list\">\n<li>\u2728 <strong>Kostenloser Kopfhautscan<\/strong> \u2013 professionelle Analyse und Pflegeberatung<\/li>\n\n\n\n<li>\ud83d\udd25 <strong>Leckeres vom Grill<\/strong> \u2013 f\u00fcr den kleinen Hunger zwischendurch<\/li>\n\n\n\n<li>\ud83c\udf79 <strong>Cocktails &amp; Drinks<\/strong> \u2013 genie\u00dfe den Nachmittag in entspannter Atmosph\u00e4re<\/li>\n\n\n\n<li>\ud83d\udc87\u200d\u2640\ufe0f <strong>Produktberatung &amp; Rabatte<\/strong> \u2013 entdecke deine Lieblingsprodukte von Redken<\/li>\n\n\n\n<li>\ud83c\udfa8 <strong>Glitzertattoos &amp; Spa\u00df f\u00fcr Kinder<\/strong><\/li>\n\n\n\n<li>\ud83d\udc9b <strong>Und vieles mehr \u2026<\/strong><\/li>\n<\/ul>\n\n\n\n<h2 class=\"wp-block-heading\">\u2764\ufe0f Gemeinsam feiern, lachen, genie\u00dfen<\/h2>\n\n\n\n<p>Lasst uns ansto\u00dfen, erinnern und vorausblicken \u2013 auf ein weiteres Jahr voller Inspiration, mutiger Ver\u00e4nderungen und strahlender Looks.<br>Wir freuen uns auf alle Kundinnen und Kunden, Freunde, Familien und Nachbarn, die <strong>Chic &amp; Chill<\/strong> zu dem gemacht haben, was es heute ist: <em>Ein Ort zum Wohlf\u00fchlen, Lachen und Sch\u00f6nsein.<\/em><\/p>\n\n\n\n<p><a href=\"https:\/\/chicandchill.de\/standorte\/\">\ud83d\udc87\u200d\u2640\ufe0f Jetzt Termin buchen<\/a><\/p>\n\n\n\n<h2 class=\"wp-block-heading\">\ud83d\udd17 Verpasse nichts!<\/h2>\n\n\n\n<p>\ud83d\udc49 Folge uns auf <a href=\"https:\/\/www.instagram.com\/chicandchill_haarbaendiger\" target=\"_blank\" rel=\"noreferrer noopener\">Instagram<\/a> und <a href=\"https:\/\/www.facebook.com\/share\/1EdPYwgkLE\/?mibextid=wwXIfr\" target=\"_blank\" rel=\"noreferrer noopener\">Facebook<\/a>, um keine News zur Party zu verpassen.<\/p>\n\n\n\n<p>\ud83d\udc87\u200d\u2640\ufe0f Buche jetzt deinen Termin direkt \u00fcber unser <a href=\"https:\/\/chicandchill.de\/standorte\/\" target=\"_blank\" rel=\"noreferrer noopener\">Online-Buchungssystem<\/a>.<\/p>\n\n\n\n<h2 class=\"wp-block-heading\">\ud83d\udcab Danke an unser gro\u00dfartiges Team<\/h2>\n\n\n\n<p>Jede Farbe, jeder Schnitt und jedes L\u00e4cheln spiegelt unsere Leidenschaft wider. Ein riesiges Dankesch\u00f6n an <strong>Jenny, Pauline, Jenna, Emelie, Madleine und Marie<\/strong>, die mit Herz und Kreativit\u00e4t jeden Tag f\u00fcr unsere Kund:innen da sind. Ihr seid <strong>Chic &amp; Chill<\/strong> \u2013 und darauf sto\u00dfen wir an! \ud83e\udd42<\/p>\n\n\n\n<h2 class=\"wp-block-heading\">FAQs zur Jubil\u00e4umsfeier<\/h2>\n\n\n\n<p><strong>Brauche ich eine Anmeldung?<\/strong><br>Nein, komm einfach spontan vorbei \u2013 wir freuen uns \u00fcber jeden Gast!<\/p>\n\n\n\n<p><strong>Kann ich Freunde oder Familie mitbringen?<\/strong><br>Nat\u00fcrlich! Je mehr, desto sch\u00f6ner.<\/p>\n\n\n\n<p><strong>Gibt es Angebote w\u00e4hrend der Feier?<\/strong><br>Ja \u2013 exklusive Rabatte auf Produkte und Beratung nur am 1. November.<\/p>\n\n\n\n<hr class=\"wp-block-separator has-alpha-channel-opacity\"\/>\n\n\n\n<p><strong>Chic &amp; Chill \u2013 Dein Friseur in Borna.<\/strong><br>Modern, herzlich, kreativ. Feiere mit uns \u2013 <strong>am 1. November ab 15 Uhr!<\/strong><\/p>\n","protected":false},"excerpt":{"rendered":"<p>Ein Jahr voller Stil, Leidenschaft und gemeinsamer Momente Kaum zu glauben \u2013 Chic &amp; Chill wird ein Jahr alt!Was am 1. November 2024 mit viel Herzblut, Leidenschaft und einem gro\u00dfartigen Team begann, hat sich zu einem echten Wohlf\u00fchlort in Borna entwickelt. Jeden Tag geben wir alles, damit du mit einem L\u00e4cheln und perfektem Look nach [&hellip;]<\/p>\n","protected":false},"author":125,"featured_media":12146,"comment_status":"open","ping_status":"open","sticky":false,"template":"","format":"standard","meta":{"_acf_changed":false,"_jetpack_memberships_contains_paid_content":false,"footnotes":"","jetpack_publicize_message":"1 Jahr Chic & Chill \u2013 Feiere mit uns!","jetpack_publicize_feature_enabled":true,"jetpack_social_post_already_shared":true,"jetpack_social_options":{"image_generator_settings":{"template":"highway","default_image_id":0,"font":"","enabled":false},"version":2}},"categories":[14,1032],"tags":[],"job-kategorie":[],"location":[],"marken-brands":[],"spezialisiert":[],"class_list":["post-12147","post","type-post","status-publish","format-standard","has-post-thumbnail","hentry","category-blog","category-timeline"],"acf":[],"yoast_head":"<!-- This site is optimized with the Yoast SEO plugin v27.5 - https:\/\/yoast.com\/product\/yoast-seo-wordpress\/ -->\n<title>1 Jahr Chic &amp; Chill \u2013 Feiere mit uns! - Chic and Chill Friseur &amp; Barbier<\/title>\n<meta name=\"robots\" content=\"index, follow, max-snippet:-1, max-image-preview:large, max-video-preview:-1\" \/>\n<link rel=\"canonical\" href=\"https:\/\/chicandchill.de\/\/1-jahr-chic-chill-feiere-mit-uns\/\" \/>\n<meta property=\"og:locale\" content=\"de_DE\" \/>\n<meta property=\"og:type\" content=\"article\" \/>\n<meta property=\"og:title\" content=\"1 Jahr Chic &amp; Chill \u2013 Feiere mit uns! - Chic and Chill Friseur &amp; Barbier\" \/>\n<meta property=\"og:description\" content=\"Ein Jahr voller Stil, Leidenschaft und gemeinsamer Momente Kaum zu glauben \u2013 Chic &amp; Chill wird ein Jahr alt!Was am 1. November 2024 mit viel Herzblut, Leidenschaft und einem gro\u00dfartigen Team begann, hat sich zu einem echten Wohlf\u00fchlort in Borna entwickelt. Jeden Tag geben wir alles, damit du mit einem L\u00e4cheln und perfektem Look nach [&hellip;]\" \/>\n<meta property=\"og:url\" content=\"https:\/\/chicandchill.de\/\/1-jahr-chic-chill-feiere-mit-uns\/\" \/>\n<meta property=\"og:site_name\" content=\"Chic and Chill Friseur &amp; Barbier\" \/>\n<meta property=\"article:published_time\" content=\"2025-10-29T00:20:47+00:00\" \/>\n<meta property=\"article:modified_time\" content=\"2026-01-18T02:19:45+00:00\" \/>\n<meta property=\"og:image\" content=\"https:\/\/i0.wp.com\/chicandchill.de\/wp-content\/uploads\/2025\/10\/6755b21d-2c57-4ed7-85d5-977d749593f7.webp?fit=1125%2C2000&ssl=1\" \/>\n\t<meta property=\"og:image:width\" content=\"1125\" \/>\n\t<meta property=\"og:image:height\" content=\"2000\" \/>\n\t<meta property=\"og:image:type\" content=\"image\/webp\" \/>\n<meta name=\"author\" content=\"By Chic &amp; Chill Team\" \/>\n<meta name=\"twitter:card\" content=\"summary_large_image\" \/>\n<meta name=\"twitter:label1\" content=\"Verfasst von\" \/>\n\t<meta name=\"twitter:data1\" content=\"By Chic &amp; Chill Team\" \/>\n\t<meta name=\"twitter:label2\" content=\"Gesch\u00e4tzte Lesezeit\" \/>\n\t<meta name=\"twitter:data2\" content=\"3\u00a0Minuten\" \/>\n<script type=\"application\/ld+json\" class=\"yoast-schema-graph\">{\"@context\":\"https:\\\/\\\/schema.org\",\"@graph\":[{\"@type\":\"Article\",\"@id\":\"https:\\\/\\\/chicandchill.de\\\/\\\/1-jahr-chic-chill-feiere-mit-uns\\\/#article\",\"isPartOf\":{\"@id\":\"https:\\\/\\\/chicandchill.de\\\/\\\/1-jahr-chic-chill-feiere-mit-uns\\\/\"},\"author\":{\"name\":\"By Chic &amp; Chill Team\",\"@id\":\"https:\\\/\\\/chicandchill.de\\\/#\\\/schema\\\/person\\\/73f5fc157422d4e9c4cc0877184db5f7\"},\"headline\":\"1 Jahr Chic &#038; Chill \u2013 Feiere mit uns!\",\"datePublished\":\"2025-10-29T00:20:47+00:00\",\"dateModified\":\"2026-01-18T02:19:45+00:00\",\"mainEntityOfPage\":{\"@id\":\"https:\\\/\\\/chicandchill.de\\\/\\\/1-jahr-chic-chill-feiere-mit-uns\\\/\"},\"wordCount\":343,\"commentCount\":0,\"publisher\":{\"@id\":\"https:\\\/\\\/chicandchill.de\\\/#organization\"},\"image\":{\"@id\":\"https:\\\/\\\/chicandchill.de\\\/\\\/1-jahr-chic-chill-feiere-mit-uns\\\/#primaryimage\"},\"thumbnailUrl\":\"https:\\\/\\\/i0.wp.com\\\/chicandchill.de\\\/wp-content\\\/uploads\\\/2025\\\/10\\\/6755b21d-2c57-4ed7-85d5-977d749593f7.webp?fit=1125%2C2000&ssl=1\",\"articleSection\":[\"Chicnews\",\"Timeline\"],\"inLanguage\":\"de\",\"potentialAction\":[{\"@type\":\"CommentAction\",\"name\":\"Comment\",\"target\":[\"https:\\\/\\\/chicandchill.de\\\/\\\/1-jahr-chic-chill-feiere-mit-uns\\\/#respond\"]}]},{\"@type\":\"WebPage\",\"@id\":\"https:\\\/\\\/chicandchill.de\\\/\\\/1-jahr-chic-chill-feiere-mit-uns\\\/\",\"url\":\"https:\\\/\\\/chicandchill.de\\\/\\\/1-jahr-chic-chill-feiere-mit-uns\\\/\",\"name\":\"1 Jahr Chic & Chill \u2013 Feiere mit uns! - Chic and Chill Friseur &amp; Barbier\",\"isPartOf\":{\"@id\":\"https:\\\/\\\/chicandchill.de\\\/#website\"},\"primaryImageOfPage\":{\"@id\":\"https:\\\/\\\/chicandchill.de\\\/\\\/1-jahr-chic-chill-feiere-mit-uns\\\/#primaryimage\"},\"image\":{\"@id\":\"https:\\\/\\\/chicandchill.de\\\/\\\/1-jahr-chic-chill-feiere-mit-uns\\\/#primaryimage\"},\"thumbnailUrl\":\"https:\\\/\\\/i0.wp.com\\\/chicandchill.de\\\/wp-content\\\/uploads\\\/2025\\\/10\\\/6755b21d-2c57-4ed7-85d5-977d749593f7.webp?fit=1125%2C2000&ssl=1\",\"datePublished\":\"2025-10-29T00:20:47+00:00\",\"dateModified\":\"2026-01-18T02:19:45+00:00\",\"breadcrumb\":{\"@id\":\"https:\\\/\\\/chicandchill.de\\\/\\\/1-jahr-chic-chill-feiere-mit-uns\\\/#breadcrumb\"},\"inLanguage\":\"de\",\"potentialAction\":[{\"@type\":\"ReadAction\",\"target\":[\"https:\\\/\\\/chicandchill.de\\\/\\\/1-jahr-chic-chill-feiere-mit-uns\\\/\"]}]},{\"@type\":\"ImageObject\",\"inLanguage\":\"de\",\"@id\":\"https:\\\/\\\/chicandchill.de\\\/\\\/1-jahr-chic-chill-feiere-mit-uns\\\/#primaryimage\",\"url\":\"https:\\\/\\\/i0.wp.com\\\/chicandchill.de\\\/wp-content\\\/uploads\\\/2025\\\/10\\\/6755b21d-2c57-4ed7-85d5-977d749593f7.webp?fit=1125%2C2000&ssl=1\",\"contentUrl\":\"https:\\\/\\\/i0.wp.com\\\/chicandchill.de\\\/wp-content\\\/uploads\\\/2025\\\/10\\\/6755b21d-2c57-4ed7-85d5-977d749593f7.webp?fit=1125%2C2000&ssl=1\",\"width\":1125,\"height\":2000},{\"@type\":\"BreadcrumbList\",\"@id\":\"https:\\\/\\\/chicandchill.de\\\/\\\/1-jahr-chic-chill-feiere-mit-uns\\\/#breadcrumb\",\"itemListElement\":[{\"@type\":\"ListItem\",\"position\":1,\"name\":\"Startseite\",\"item\":\"https:\\\/\\\/chicandchill.de\\\/\"},{\"@type\":\"ListItem\",\"position\":2,\"name\":\"1 Jahr Chic &#038; Chill \u2013 Feiere mit uns!\"}]},{\"@type\":\"WebSite\",\"@id\":\"https:\\\/\\\/chicandchill.de\\\/#website\",\"url\":\"https:\\\/\\\/chicandchill.de\\\/\",\"name\":\"Chic & Chill \u2013 Friseur in Borna bei Leipzig & Chemnitz\",\"description\":\"Dein Style. Unser Handwerk.\",\"publisher\":{\"@id\":\"https:\\\/\\\/chicandchill.de\\\/#organization\"},\"alternateName\":\"Chic & Chill Friseur Borna\",\"potentialAction\":[{\"@type\":\"SearchAction\",\"target\":{\"@type\":\"EntryPoint\",\"urlTemplate\":\"https:\\\/\\\/chicandchill.de\\\/?s={search_term_string}\"},\"query-input\":{\"@type\":\"PropertyValueSpecification\",\"valueRequired\":true,\"valueName\":\"search_term_string\"}}],\"inLanguage\":\"de\"},{\"@type\":\"Organization\",\"@id\":\"https:\\\/\\\/chicandchill.de\\\/#organization\",\"name\":\"Chic & Chill \u2013 Friseur in Borna bei Leipzig & Chemnitz\",\"alternateName\":\"Chic & Chill Friseur Borna\",\"url\":\"https:\\\/\\\/chicandchill.de\\\/\",\"logo\":{\"@type\":\"ImageObject\",\"inLanguage\":\"de\",\"@id\":\"https:\\\/\\\/chicandchill.de\\\/#\\\/schema\\\/logo\\\/image\\\/\",\"url\":\"https:\\\/\\\/i0.wp.com\\\/chicandchill.de\\\/wp-content\\\/uploads\\\/2024\\\/09\\\/Transparent-Logo.png?fit=2396%2C1221&ssl=1\",\"contentUrl\":\"https:\\\/\\\/i0.wp.com\\\/chicandchill.de\\\/wp-content\\\/uploads\\\/2024\\\/09\\\/Transparent-Logo.png?fit=2396%2C1221&ssl=1\",\"width\":2396,\"height\":1221,\"caption\":\"Chic & Chill \u2013 Friseur in Borna bei Leipzig & Chemnitz\"},\"image\":{\"@id\":\"https:\\\/\\\/chicandchill.de\\\/#\\\/schema\\\/logo\\\/image\\\/\"},\"sameAs\":[\"https:\\\/\\\/www.instagram.com\\\/chicandchill_haarbaendiger\\\/\"]},{\"@type\":\"Person\",\"@id\":\"https:\\\/\\\/chicandchill.de\\\/#\\\/schema\\\/person\\\/73f5fc157422d4e9c4cc0877184db5f7\",\"name\":\"By Chic &amp; Chill Team\",\"image\":{\"@type\":\"ImageObject\",\"inLanguage\":\"de\",\"@id\":\"https:\\\/\\\/secure.gravatar.com\\\/avatar\\\/e1dee2e83fff265e71976de0920b34d4b2870dedbae85ae12ea0988467c35257?s=96&d=mm&r=g\",\"url\":\"https:\\\/\\\/secure.gravatar.com\\\/avatar\\\/e1dee2e83fff265e71976de0920b34d4b2870dedbae85ae12ea0988467c35257?s=96&d=mm&r=g\",\"contentUrl\":\"https:\\\/\\\/secure.gravatar.com\\\/avatar\\\/e1dee2e83fff265e71976de0920b34d4b2870dedbae85ae12ea0988467c35257?s=96&d=mm&r=g\",\"caption\":\"By Chic &amp; Chill Team\"},\"url\":\"https:\\\/\\\/chicandchill.de\\\/\\\/author\\\/blogpost\\\/\"}]}<\/script>\n<!-- \/ Yoast SEO plugin. -->","yoast_head_json":{"title":"1 Jahr Chic & Chill \u2013 Feiere mit uns! - Chic and Chill Friseur &amp; Barbier","robots":{"index":"index","follow":"follow","max-snippet":"max-snippet:-1","max-image-preview":"max-image-preview:large","max-video-preview":"max-video-preview:-1"},"canonical":"https:\/\/chicandchill.de\/\/1-jahr-chic-chill-feiere-mit-uns\/","og_locale":"de_DE","og_type":"article","og_title":"1 Jahr Chic & Chill \u2013 Feiere mit uns! - Chic and Chill Friseur &amp; Barbier","og_description":"Ein Jahr voller Stil, Leidenschaft und gemeinsamer Momente Kaum zu glauben \u2013 Chic &amp; Chill wird ein Jahr alt!Was am 1. November 2024 mit viel Herzblut, Leidenschaft und einem gro\u00dfartigen Team begann, hat sich zu einem echten Wohlf\u00fchlort in Borna entwickelt. Jeden Tag geben wir alles, damit du mit einem L\u00e4cheln und perfektem Look nach [&hellip;]","og_url":"https:\/\/chicandchill.de\/\/1-jahr-chic-chill-feiere-mit-uns\/","og_site_name":"Chic and Chill Friseur &amp; Barbier","article_published_time":"2025-10-29T00:20:47+00:00","article_modified_time":"2026-01-18T02:19:45+00:00","og_image":[{"width":1125,"height":2000,"url":"https:\/\/i0.wp.com\/chicandchill.de\/wp-content\/uploads\/2025\/10\/6755b21d-2c57-4ed7-85d5-977d749593f7.webp?fit=1125%2C2000&ssl=1","type":"image\/webp"}],"author":"By Chic &amp; Chill Team","twitter_card":"summary_large_image","twitter_misc":{"Verfasst von":"By Chic &amp; Chill Team","Gesch\u00e4tzte Lesezeit":"3\u00a0Minuten"},"schema":{"@context":"https:\/\/schema.org","@graph":[{"@type":"Article","@id":"https:\/\/chicandchill.de\/\/1-jahr-chic-chill-feiere-mit-uns\/#article","isPartOf":{"@id":"https:\/\/chicandchill.de\/\/1-jahr-chic-chill-feiere-mit-uns\/"},"author":{"name":"By Chic &amp; Chill Team","@id":"https:\/\/chicandchill.de\/#\/schema\/person\/73f5fc157422d4e9c4cc0877184db5f7"},"headline":"1 Jahr Chic &#038; Chill \u2013 Feiere mit uns!","datePublished":"2025-10-29T00:20:47+00:00","dateModified":"2026-01-18T02:19:45+00:00","mainEntityOfPage":{"@id":"https:\/\/chicandchill.de\/\/1-jahr-chic-chill-feiere-mit-uns\/"},"wordCount":343,"commentCount":0,"publisher":{"@id":"https:\/\/chicandchill.de\/#organization"},"image":{"@id":"https:\/\/chicandchill.de\/\/1-jahr-chic-chill-feiere-mit-uns\/#primaryimage"},"thumbnailUrl":"https:\/\/i0.wp.com\/chicandchill.de\/wp-content\/uploads\/2025\/10\/6755b21d-2c57-4ed7-85d5-977d749593f7.webp?fit=1125%2C2000&ssl=1","articleSection":["Chicnews","Timeline"],"inLanguage":"de","potentialAction":[{"@type":"CommentAction","name":"Comment","target":["https:\/\/chicandchill.de\/\/1-jahr-chic-chill-feiere-mit-uns\/#respond"]}]},{"@type":"WebPage","@id":"https:\/\/chicandchill.de\/\/1-jahr-chic-chill-feiere-mit-uns\/","url":"https:\/\/chicandchill.de\/\/1-jahr-chic-chill-feiere-mit-uns\/","name":"1 Jahr Chic & Chill \u2013 Feiere mit uns! - Chic and Chill Friseur &amp; Barbier","isPartOf":{"@id":"https:\/\/chicandchill.de\/#website"},"primaryImageOfPage":{"@id":"https:\/\/chicandchill.de\/\/1-jahr-chic-chill-feiere-mit-uns\/#primaryimage"},"image":{"@id":"https:\/\/chicandchill.de\/\/1-jahr-chic-chill-feiere-mit-uns\/#primaryimage"},"thumbnailUrl":"https:\/\/i0.wp.com\/chicandchill.de\/wp-content\/uploads\/2025\/10\/6755b21d-2c57-4ed7-85d5-977d749593f7.webp?fit=1125%2C2000&ssl=1","datePublished":"2025-10-29T00:20:47+00:00","dateModified":"2026-01-18T02:19:45+00:00","breadcrumb":{"@id":"https:\/\/chicandchill.de\/\/1-jahr-chic-chill-feiere-mit-uns\/#breadcrumb"},"inLanguage":"de","potentialAction":[{"@type":"ReadAction","target":["https:\/\/chicandchill.de\/\/1-jahr-chic-chill-feiere-mit-uns\/"]}]},{"@type":"ImageObject","inLanguage":"de","@id":"https:\/\/chicandchill.de\/\/1-jahr-chic-chill-feiere-mit-uns\/#primaryimage","url":"https:\/\/i0.wp.com\/chicandchill.de\/wp-content\/uploads\/2025\/10\/6755b21d-2c57-4ed7-85d5-977d749593f7.webp?fit=1125%2C2000&ssl=1","contentUrl":"https:\/\/i0.wp.com\/chicandchill.de\/wp-content\/uploads\/2025\/10\/6755b21d-2c57-4ed7-85d5-977d749593f7.webp?fit=1125%2C2000&ssl=1","width":1125,"height":2000},{"@type":"BreadcrumbList","@id":"https:\/\/chicandchill.de\/\/1-jahr-chic-chill-feiere-mit-uns\/#breadcrumb","itemListElement":[{"@type":"ListItem","position":1,"name":"Startseite","item":"https:\/\/chicandchill.de\/"},{"@type":"ListItem","position":2,"name":"1 Jahr Chic &#038; Chill \u2013 Feiere mit uns!"}]},{"@type":"WebSite","@id":"https:\/\/chicandchill.de\/#website","url":"https:\/\/chicandchill.de\/","name":"Chic & Chill \u2013 Friseur in Borna bei Leipzig & Chemnitz","description":"Dein Style. Unser Handwerk.","publisher":{"@id":"https:\/\/chicandchill.de\/#organization"},"alternateName":"Chic & Chill Friseur Borna","potentialAction":[{"@type":"SearchAction","target":{"@type":"EntryPoint","urlTemplate":"https:\/\/chicandchill.de\/?s={search_term_string}"},"query-input":{"@type":"PropertyValueSpecification","valueRequired":true,"valueName":"search_term_string"}}],"inLanguage":"de"},{"@type":"Organization","@id":"https:\/\/chicandchill.de\/#organization","name":"Chic & Chill \u2013 Friseur in Borna bei Leipzig & Chemnitz","alternateName":"Chic & Chill Friseur Borna","url":"https:\/\/chicandchill.de\/","logo":{"@type":"ImageObject","inLanguage":"de","@id":"https:\/\/chicandchill.de\/#\/schema\/logo\/image\/","url":"https:\/\/i0.wp.com\/chicandchill.de\/wp-content\/uploads\/2024\/09\/Transparent-Logo.png?fit=2396%2C1221&ssl=1","contentUrl":"https:\/\/i0.wp.com\/chicandchill.de\/wp-content\/uploads\/2024\/09\/Transparent-Logo.png?fit=2396%2C1221&ssl=1","width":2396,"height":1221,"caption":"Chic & Chill \u2013 Friseur in Borna bei Leipzig & Chemnitz"},"image":{"@id":"https:\/\/chicandchill.de\/#\/schema\/logo\/image\/"},"sameAs":["https:\/\/www.instagram.com\/chicandchill_haarbaendiger\/"]},{"@type":"Person","@id":"https:\/\/chicandchill.de\/#\/schema\/person\/73f5fc157422d4e9c4cc0877184db5f7","name":"By Chic &amp; Chill Team","image":{"@type":"ImageObject","inLanguage":"de","@id":"https:\/\/secure.gravatar.com\/avatar\/e1dee2e83fff265e71976de0920b34d4b2870dedbae85ae12ea0988467c35257?s=96&d=mm&r=g","url":"https:\/\/secure.gravatar.com\/avatar\/e1dee2e83fff265e71976de0920b34d4b2870dedbae85ae12ea0988467c35257?s=96&d=mm&r=g","contentUrl":"https:\/\/secure.gravatar.com\/avatar\/e1dee2e83fff265e71976de0920b34d4b2870dedbae85ae12ea0988467c35257?s=96&d=mm&r=g","caption":"By Chic &amp; Chill Team"},"url":"https:\/\/chicandchill.de\/\/author\/blogpost\/"}]}},"jetpack_publicize_connections":[],"jetpack_featured_media_url":"https:\/\/i0.wp.com\/chicandchill.de\/wp-content\/uploads\/2025\/10\/6755b21d-2c57-4ed7-85d5-977d749593f7.webp?fit=1125%2C2000&ssl=1","jetpack_sharing_enabled":true,"_links":{"self":[{"href":"https:\/\/chicandchill.de\/\/wp-json\/wp\/v2\/posts\/12147","targetHints":{"allow":["GET"]}}],"collection":[{"href":"https:\/\/chicandchill.de\/\/wp-json\/wp\/v2\/posts"}],"about":[{"href":"https:\/\/chicandchill.de\/\/wp-json\/wp\/v2\/types\/post"}],"author":[{"embeddable":true,"href":"https:\/\/chicandchill.de\/\/wp-json\/wp\/v2\/users\/125"}],"replies":[{"embeddable":true,"href":"https:\/\/chicandchill.de\/\/wp-json\/wp\/v2\/comments?post=12147"}],"version-history":[{"count":3,"href":"https:\/\/chicandchill.de\/\/wp-json\/wp\/v2\/posts\/12147\/revisions"}],"predecessor-version":[{"id":13270,"href":"https:\/\/chicandchill.de\/\/wp-json\/wp\/v2\/posts\/12147\/revisions\/13270"}],"wp:featuredmedia":[{"embeddable":true,"href":"https:\/\/chicandchill.de\/\/wp-json\/wp\/v2\/media\/12146"}],"wp:attachment":[{"href":"https:\/\/chicandchill.de\/\/wp-json\/wp\/v2\/media?parent=12147"}],"wp:term":[{"taxonomy":"category","embeddable":true,"href":"https:\/\/chicandchill.de\/\/wp-json\/wp\/v2\/categories?post=12147"},{"taxonomy":"post_tag","embeddable":true,"href":"https:\/\/chicandchill.de\/\/wp-json\/wp\/v2\/tags?post=12147"},{"taxonomy":"job-kategorie","embeddable":true,"href":"https:\/\/chicandchill.de\/\/wp-json\/wp\/v2\/job-kategorie?post=12147"},{"taxonomy":"location","embeddable":true,"href":"https:\/\/chicandchill.de\/\/wp-json\/wp\/v2\/location?post=12147"},{"taxonomy":"marken-brands","embeddable":true,"href":"https:\/\/chicandchill.de\/\/wp-json\/wp\/v2\/marken-brands?post=12147"},{"taxonomy":"spezialisiert","embeddable":true,"href":"https:\/\/chicandchill.de\/\/wp-json\/wp\/v2\/spezialisiert?post=12147"}],"curies":[{"name":"wp","href":"https:\/\/api.w.org\/{rel}","templated":true}]}}