{"id":10245,"date":"2024-10-01T01:00:46","date_gmt":"2024-09-30T23:00:46","guid":{"rendered":"https:\/\/chicandchill.de\/2024\/10\/01\/jenny\/"},"modified":"2025-12-16T16:43:41","modified_gmt":"2025-12-16T15:43:41","slug":"jenny","status":"publish","type":"post","link":"https:\/\/chicandchill.de\/\/jenny\/","title":{"rendered":"Jennifer"},"content":{"rendered":"\n<p>Hi, ich bin Jenny \ud83d\udc87\u200d\u2640\ufe0f\ud83d\udcab<\/p>\n\n\n\n<p>Mit meiner Leidenschaft, langj\u00e4hrigen Erfahrung und einem offenen Ohr f\u00fcr jedes Anliegen sorge ich daf\u00fcr, dass sich sowohl unser Team als auch unsere Kunden rundum wohlf\u00fchlen.<\/p>\n\n\n\n<p>Ich behalte immer den \u00dcberblick \u2013 mit Herz, Stil und ganz viel Engagement. \u2764\ufe0f<\/p>\n\n\n\n<p>Egal ob du das komplette Verw\u00f6hnprogramm f\u00fcr deine Haare buchst oder haarfrei in den Sommer starten willst \u2013 ich sorge daf\u00fcr, dass du gl\u00fccklich den Salon verl\u00e4sst. \ud83e\udd29<\/p>\n\n\n\n<p>Ich freue mich auf dich! \u2764\ufe0f<\/p>\n\n\n\n<p><a href=\"https:\/\/www.instagram.com\/explore\/tags\/jennymagic\/\">#jennymagic<\/a>\u00a0 <a href=\"https:\/\/www.instagram.com\/explore\/tags\/chicandchill\/\">#chicandchill<\/a>\u00a0 <a href=\"https:\/\/www.instagram.com\/explore\/tags\/borna\/\">#borna<\/a>\u00a0 <a href=\"https:\/\/www.instagram.com\/explore\/tags\/fris%C3%B6r\/\">#fris\u00f6r<\/a>\u00a0 <a href=\"https:\/\/www.instagram.com\/explore\/tags\/hairinspo\/\">#hairinspo<\/a>\u00a0 <a href=\"https:\/\/www.instagram.com\/explore\/tags\/bornabeauty\/\">#bornabeauty<\/a>\u00a0 <a href=\"https:\/\/www.instagram.com\/explore\/tags\/friseur\/\">#friseur<\/a>\u00a0<a href=\"https:\/\/www.instagram.com\/explore\/tags\/team\/\">#team<\/a>\u00a0 <a href=\"https:\/\/www.instagram.com\/explore\/tags\/teamwork\/\">#teamwork<\/a>\u00a0 <a href=\"https:\/\/www.instagram.com\/explore\/tags\/hairbyjenny\/\">#hairbyjenny<\/a><\/p>\n","protected":false},"excerpt":{"rendered":"<p>Hi, ich bin Jenny \ud83d\udc87\u200d\u2640\ufe0f\ud83d\udcab Mit meiner Leidenschaft, langj\u00e4hrigen Erfahrung und einem offenen Ohr f\u00fcr jedes Anliegen sorge ich daf\u00fcr, dass sich sowohl unser Team als auch unsere Kunden rundum wohlf\u00fchlen. Ich behalte immer den \u00dcberblick \u2013 mit Herz, Stil und ganz viel Engagement. \u2764\ufe0f Egal ob du das komplette Verw\u00f6hnprogramm f\u00fcr deine Haare buchst [&hellip;]<\/p>\n","protected":false},"author":1,"featured_media":12511,"comment_status":"closed","ping_status":"closed","sticky":false,"template":"","format":"standard","meta":{"_acf_changed":false,"_jetpack_memberships_contains_paid_content":false,"footnotes":"","jetpack_publicize_message":"","jetpack_publicize_feature_enabled":true,"jetpack_social_post_already_shared":false,"jetpack_social_options":{"image_generator_settings":{"template":"highway","default_image_id":0,"font":"","enabled":false},"version":2}},"categories":[1032,1004],"tags":[],"job-kategorie":[],"location":[1009],"marken-brands":[],"spezialisiert":[1027,1029,1028],"class_list":["post-10245","post","type-post","status-publish","format-standard","has-post-thumbnail","hentry","category-timeline","category-unsere-mitarbeiter","location-borna","spezialisiert-color","spezialisiert-maenner","spezialisiert-sugaring"],"acf":[],"yoast_head":"<!-- This site is optimized with the Yoast SEO plugin v27.5 - https:\/\/yoast.com\/product\/yoast-seo-wordpress\/ -->\n<title>Jennifer - Chic and Chill Friseur &amp; Barbier<\/title>\n<meta name=\"robots\" content=\"index, follow, max-snippet:-1, max-image-preview:large, max-video-preview:-1\" \/>\n<link rel=\"canonical\" href=\"https:\/\/chicandchill.de\/\/jenny\/\" \/>\n<meta property=\"og:locale\" content=\"de_DE\" \/>\n<meta property=\"og:type\" content=\"article\" \/>\n<meta property=\"og:title\" content=\"Jennifer - Chic and Chill Friseur &amp; Barbier\" \/>\n<meta property=\"og:description\" content=\"Hi, ich bin Jenny \ud83d\udc87\u200d\u2640\ufe0f\ud83d\udcab Mit meiner Leidenschaft, langj\u00e4hrigen Erfahrung und einem offenen Ohr f\u00fcr jedes Anliegen sorge ich daf\u00fcr, dass sich sowohl unser Team als auch unsere Kunden rundum wohlf\u00fchlen. Ich behalte immer den \u00dcberblick \u2013 mit Herz, Stil und ganz viel Engagement. \u2764\ufe0f Egal ob du das komplette Verw\u00f6hnprogramm f\u00fcr deine Haare buchst [&hellip;]\" \/>\n<meta property=\"og:url\" content=\"https:\/\/chicandchill.de\/\/jenny\/\" \/>\n<meta property=\"og:site_name\" content=\"Chic and Chill Friseur &amp; Barbier\" \/>\n<meta property=\"article:published_time\" content=\"2024-09-30T23:00:46+00:00\" \/>\n<meta property=\"article:modified_time\" content=\"2025-12-16T15:43:41+00:00\" \/>\n<meta property=\"og:image\" content=\"https:\/\/i0.wp.com\/chicandchill.de\/wp-content\/uploads\/2024\/10\/Bildschirmfoto-2025-12-10-um-14.34.19.webp?fit=1804%2C1804&ssl=1\" \/>\n\t<meta property=\"og:image:width\" content=\"1804\" \/>\n\t<meta property=\"og:image:height\" content=\"1804\" \/>\n\t<meta property=\"og:image:type\" content=\"image\/webp\" \/>\n<meta name=\"author\" content=\"Robby Klier\" \/>\n<meta name=\"twitter:card\" content=\"summary_large_image\" \/>\n<meta name=\"twitter:label1\" content=\"Verfasst von\" \/>\n\t<meta name=\"twitter:data1\" content=\"Robby Klier\" \/>\n\t<meta name=\"twitter:label2\" content=\"Gesch\u00e4tzte Lesezeit\" \/>\n\t<meta name=\"twitter:data2\" content=\"1\u00a0Minute\" \/>\n<script type=\"application\/ld+json\" class=\"yoast-schema-graph\">{\"@context\":\"https:\\\/\\\/schema.org\",\"@graph\":[{\"@type\":\"Article\",\"@id\":\"https:\\\/\\\/chicandchill.de\\\/\\\/jenny\\\/#article\",\"isPartOf\":{\"@id\":\"https:\\\/\\\/chicandchill.de\\\/\\\/jenny\\\/\"},\"author\":{\"name\":\"Robby Klier\",\"@id\":\"https:\\\/\\\/chicandchill.de\\\/#\\\/schema\\\/person\\\/f6e5e90510f64a8c6ccdbbb7be02a7c1\"},\"headline\":\"Jennifer\",\"datePublished\":\"2024-09-30T23:00:46+00:00\",\"dateModified\":\"2025-12-16T15:43:41+00:00\",\"mainEntityOfPage\":{\"@id\":\"https:\\\/\\\/chicandchill.de\\\/\\\/jenny\\\/\"},\"wordCount\":94,\"publisher\":{\"@id\":\"https:\\\/\\\/chicandchill.de\\\/#organization\"},\"image\":{\"@id\":\"https:\\\/\\\/chicandchill.de\\\/\\\/jenny\\\/#primaryimage\"},\"thumbnailUrl\":\"https:\\\/\\\/i0.wp.com\\\/chicandchill.de\\\/wp-content\\\/uploads\\\/2024\\\/10\\\/Bildschirmfoto-2025-12-10-um-14.34.19.webp?fit=1804%2C1804&ssl=1\",\"articleSection\":[\"Timeline\",\"Unsere Mitarbeiter\"],\"inLanguage\":\"de\"},{\"@type\":\"WebPage\",\"@id\":\"https:\\\/\\\/chicandchill.de\\\/\\\/jenny\\\/\",\"url\":\"https:\\\/\\\/chicandchill.de\\\/\\\/jenny\\\/\",\"name\":\"Jennifer - Chic and Chill Friseur &amp; Barbier\",\"isPartOf\":{\"@id\":\"https:\\\/\\\/chicandchill.de\\\/#website\"},\"primaryImageOfPage\":{\"@id\":\"https:\\\/\\\/chicandchill.de\\\/\\\/jenny\\\/#primaryimage\"},\"image\":{\"@id\":\"https:\\\/\\\/chicandchill.de\\\/\\\/jenny\\\/#primaryimage\"},\"thumbnailUrl\":\"https:\\\/\\\/i0.wp.com\\\/chicandchill.de\\\/wp-content\\\/uploads\\\/2024\\\/10\\\/Bildschirmfoto-2025-12-10-um-14.34.19.webp?fit=1804%2C1804&ssl=1\",\"datePublished\":\"2024-09-30T23:00:46+00:00\",\"dateModified\":\"2025-12-16T15:43:41+00:00\",\"breadcrumb\":{\"@id\":\"https:\\\/\\\/chicandchill.de\\\/\\\/jenny\\\/#breadcrumb\"},\"inLanguage\":\"de\",\"potentialAction\":[{\"@type\":\"ReadAction\",\"target\":[\"https:\\\/\\\/chicandchill.de\\\/\\\/jenny\\\/\"]}]},{\"@type\":\"ImageObject\",\"inLanguage\":\"de\",\"@id\":\"https:\\\/\\\/chicandchill.de\\\/\\\/jenny\\\/#primaryimage\",\"url\":\"https:\\\/\\\/i0.wp.com\\\/chicandchill.de\\\/wp-content\\\/uploads\\\/2024\\\/10\\\/Bildschirmfoto-2025-12-10-um-14.34.19.webp?fit=1804%2C1804&ssl=1\",\"contentUrl\":\"https:\\\/\\\/i0.wp.com\\\/chicandchill.de\\\/wp-content\\\/uploads\\\/2024\\\/10\\\/Bildschirmfoto-2025-12-10-um-14.34.19.webp?fit=1804%2C1804&ssl=1\",\"width\":1804,\"height\":1804},{\"@type\":\"BreadcrumbList\",\"@id\":\"https:\\\/\\\/chicandchill.de\\\/\\\/jenny\\\/#breadcrumb\",\"itemListElement\":[{\"@type\":\"ListItem\",\"position\":1,\"name\":\"Startseite\",\"item\":\"https:\\\/\\\/chicandchill.de\\\/\"},{\"@type\":\"ListItem\",\"position\":2,\"name\":\"Jennifer\"}]},{\"@type\":\"WebSite\",\"@id\":\"https:\\\/\\\/chicandchill.de\\\/#website\",\"url\":\"https:\\\/\\\/chicandchill.de\\\/\",\"name\":\"Chic & Chill \u2013 Friseur in Borna bei Leipzig & Chemnitz\",\"description\":\"Dein Style. Unser Handwerk.\",\"publisher\":{\"@id\":\"https:\\\/\\\/chicandchill.de\\\/#organization\"},\"alternateName\":\"Chic & Chill Friseur Borna\",\"potentialAction\":[{\"@type\":\"SearchAction\",\"target\":{\"@type\":\"EntryPoint\",\"urlTemplate\":\"https:\\\/\\\/chicandchill.de\\\/?s={search_term_string}\"},\"query-input\":{\"@type\":\"PropertyValueSpecification\",\"valueRequired\":true,\"valueName\":\"search_term_string\"}}],\"inLanguage\":\"de\"},{\"@type\":\"Organization\",\"@id\":\"https:\\\/\\\/chicandchill.de\\\/#organization\",\"name\":\"Chic & Chill \u2013 Friseur in Borna bei Leipzig & Chemnitz\",\"alternateName\":\"Chic & Chill Friseur Borna\",\"url\":\"https:\\\/\\\/chicandchill.de\\\/\",\"logo\":{\"@type\":\"ImageObject\",\"inLanguage\":\"de\",\"@id\":\"https:\\\/\\\/chicandchill.de\\\/#\\\/schema\\\/logo\\\/image\\\/\",\"url\":\"https:\\\/\\\/i0.wp.com\\\/chicandchill.de\\\/wp-content\\\/uploads\\\/2024\\\/09\\\/Transparent-Logo.png?fit=2396%2C1221&ssl=1\",\"contentUrl\":\"https:\\\/\\\/i0.wp.com\\\/chicandchill.de\\\/wp-content\\\/uploads\\\/2024\\\/09\\\/Transparent-Logo.png?fit=2396%2C1221&ssl=1\",\"width\":2396,\"height\":1221,\"caption\":\"Chic & Chill \u2013 Friseur in Borna bei Leipzig & Chemnitz\"},\"image\":{\"@id\":\"https:\\\/\\\/chicandchill.de\\\/#\\\/schema\\\/logo\\\/image\\\/\"},\"sameAs\":[\"https:\\\/\\\/www.instagram.com\\\/chicandchill_haarbaendiger\\\/\"]},{\"@type\":\"Person\",\"@id\":\"https:\\\/\\\/chicandchill.de\\\/#\\\/schema\\\/person\\\/f6e5e90510f64a8c6ccdbbb7be02a7c1\",\"name\":\"Robby Klier\",\"image\":{\"@type\":\"ImageObject\",\"inLanguage\":\"de\",\"@id\":\"https:\\\/\\\/secure.gravatar.com\\\/avatar\\\/00a4611352abea7e82132135723c0d3afd784e4d7586b0fbecc2e2af8bd8648b?s=96&d=mm&r=g\",\"url\":\"https:\\\/\\\/secure.gravatar.com\\\/avatar\\\/00a4611352abea7e82132135723c0d3afd784e4d7586b0fbecc2e2af8bd8648b?s=96&d=mm&r=g\",\"contentUrl\":\"https:\\\/\\\/secure.gravatar.com\\\/avatar\\\/00a4611352abea7e82132135723c0d3afd784e4d7586b0fbecc2e2af8bd8648b?s=96&d=mm&r=g\",\"caption\":\"Robby Klier\"},\"description\":\"Redakteur\",\"sameAs\":[\"http:\\\/\\\/chicandchill.de\"],\"url\":\"https:\\\/\\\/chicandchill.de\\\/\\\/author\\\/robbyklier\\\/\"}]}<\/script>\n<!-- \/ Yoast SEO plugin. -->","yoast_head_json":{"title":"Jennifer - Chic and Chill Friseur &amp; Barbier","robots":{"index":"index","follow":"follow","max-snippet":"max-snippet:-1","max-image-preview":"max-image-preview:large","max-video-preview":"max-video-preview:-1"},"canonical":"https:\/\/chicandchill.de\/\/jenny\/","og_locale":"de_DE","og_type":"article","og_title":"Jennifer - Chic and Chill Friseur &amp; Barbier","og_description":"Hi, ich bin Jenny \ud83d\udc87\u200d\u2640\ufe0f\ud83d\udcab Mit meiner Leidenschaft, langj\u00e4hrigen Erfahrung und einem offenen Ohr f\u00fcr jedes Anliegen sorge ich daf\u00fcr, dass sich sowohl unser Team als auch unsere Kunden rundum wohlf\u00fchlen. Ich behalte immer den \u00dcberblick \u2013 mit Herz, Stil und ganz viel Engagement. \u2764\ufe0f Egal ob du das komplette Verw\u00f6hnprogramm f\u00fcr deine Haare buchst [&hellip;]","og_url":"https:\/\/chicandchill.de\/\/jenny\/","og_site_name":"Chic and Chill Friseur &amp; Barbier","article_published_time":"2024-09-30T23:00:46+00:00","article_modified_time":"2025-12-16T15:43:41+00:00","og_image":[{"width":1804,"height":1804,"url":"https:\/\/i0.wp.com\/chicandchill.de\/wp-content\/uploads\/2024\/10\/Bildschirmfoto-2025-12-10-um-14.34.19.webp?fit=1804%2C1804&ssl=1","type":"image\/webp"}],"author":"Robby Klier","twitter_card":"summary_large_image","twitter_misc":{"Verfasst von":"Robby Klier","Gesch\u00e4tzte Lesezeit":"1\u00a0Minute"},"schema":{"@context":"https:\/\/schema.org","@graph":[{"@type":"Article","@id":"https:\/\/chicandchill.de\/\/jenny\/#article","isPartOf":{"@id":"https:\/\/chicandchill.de\/\/jenny\/"},"author":{"name":"Robby Klier","@id":"https:\/\/chicandchill.de\/#\/schema\/person\/f6e5e90510f64a8c6ccdbbb7be02a7c1"},"headline":"Jennifer","datePublished":"2024-09-30T23:00:46+00:00","dateModified":"2025-12-16T15:43:41+00:00","mainEntityOfPage":{"@id":"https:\/\/chicandchill.de\/\/jenny\/"},"wordCount":94,"publisher":{"@id":"https:\/\/chicandchill.de\/#organization"},"image":{"@id":"https:\/\/chicandchill.de\/\/jenny\/#primaryimage"},"thumbnailUrl":"https:\/\/i0.wp.com\/chicandchill.de\/wp-content\/uploads\/2024\/10\/Bildschirmfoto-2025-12-10-um-14.34.19.webp?fit=1804%2C1804&ssl=1","articleSection":["Timeline","Unsere Mitarbeiter"],"inLanguage":"de"},{"@type":"WebPage","@id":"https:\/\/chicandchill.de\/\/jenny\/","url":"https:\/\/chicandchill.de\/\/jenny\/","name":"Jennifer - Chic and Chill Friseur &amp; Barbier","isPartOf":{"@id":"https:\/\/chicandchill.de\/#website"},"primaryImageOfPage":{"@id":"https:\/\/chicandchill.de\/\/jenny\/#primaryimage"},"image":{"@id":"https:\/\/chicandchill.de\/\/jenny\/#primaryimage"},"thumbnailUrl":"https:\/\/i0.wp.com\/chicandchill.de\/wp-content\/uploads\/2024\/10\/Bildschirmfoto-2025-12-10-um-14.34.19.webp?fit=1804%2C1804&ssl=1","datePublished":"2024-09-30T23:00:46+00:00","dateModified":"2025-12-16T15:43:41+00:00","breadcrumb":{"@id":"https:\/\/chicandchill.de\/\/jenny\/#breadcrumb"},"inLanguage":"de","potentialAction":[{"@type":"ReadAction","target":["https:\/\/chicandchill.de\/\/jenny\/"]}]},{"@type":"ImageObject","inLanguage":"de","@id":"https:\/\/chicandchill.de\/\/jenny\/#primaryimage","url":"https:\/\/i0.wp.com\/chicandchill.de\/wp-content\/uploads\/2024\/10\/Bildschirmfoto-2025-12-10-um-14.34.19.webp?fit=1804%2C1804&ssl=1","contentUrl":"https:\/\/i0.wp.com\/chicandchill.de\/wp-content\/uploads\/2024\/10\/Bildschirmfoto-2025-12-10-um-14.34.19.webp?fit=1804%2C1804&ssl=1","width":1804,"height":1804},{"@type":"BreadcrumbList","@id":"https:\/\/chicandchill.de\/\/jenny\/#breadcrumb","itemListElement":[{"@type":"ListItem","position":1,"name":"Startseite","item":"https:\/\/chicandchill.de\/"},{"@type":"ListItem","position":2,"name":"Jennifer"}]},{"@type":"WebSite","@id":"https:\/\/chicandchill.de\/#website","url":"https:\/\/chicandchill.de\/","name":"Chic & Chill \u2013 Friseur in Borna bei Leipzig & Chemnitz","description":"Dein Style. Unser Handwerk.","publisher":{"@id":"https:\/\/chicandchill.de\/#organization"},"alternateName":"Chic & Chill Friseur Borna","potentialAction":[{"@type":"SearchAction","target":{"@type":"EntryPoint","urlTemplate":"https:\/\/chicandchill.de\/?s={search_term_string}"},"query-input":{"@type":"PropertyValueSpecification","valueRequired":true,"valueName":"search_term_string"}}],"inLanguage":"de"},{"@type":"Organization","@id":"https:\/\/chicandchill.de\/#organization","name":"Chic & Chill \u2013 Friseur in Borna bei Leipzig & Chemnitz","alternateName":"Chic & Chill Friseur Borna","url":"https:\/\/chicandchill.de\/","logo":{"@type":"ImageObject","inLanguage":"de","@id":"https:\/\/chicandchill.de\/#\/schema\/logo\/image\/","url":"https:\/\/i0.wp.com\/chicandchill.de\/wp-content\/uploads\/2024\/09\/Transparent-Logo.png?fit=2396%2C1221&ssl=1","contentUrl":"https:\/\/i0.wp.com\/chicandchill.de\/wp-content\/uploads\/2024\/09\/Transparent-Logo.png?fit=2396%2C1221&ssl=1","width":2396,"height":1221,"caption":"Chic & Chill \u2013 Friseur in Borna bei Leipzig & Chemnitz"},"image":{"@id":"https:\/\/chicandchill.de\/#\/schema\/logo\/image\/"},"sameAs":["https:\/\/www.instagram.com\/chicandchill_haarbaendiger\/"]},{"@type":"Person","@id":"https:\/\/chicandchill.de\/#\/schema\/person\/f6e5e90510f64a8c6ccdbbb7be02a7c1","name":"Robby Klier","image":{"@type":"ImageObject","inLanguage":"de","@id":"https:\/\/secure.gravatar.com\/avatar\/00a4611352abea7e82132135723c0d3afd784e4d7586b0fbecc2e2af8bd8648b?s=96&d=mm&r=g","url":"https:\/\/secure.gravatar.com\/avatar\/00a4611352abea7e82132135723c0d3afd784e4d7586b0fbecc2e2af8bd8648b?s=96&d=mm&r=g","contentUrl":"https:\/\/secure.gravatar.com\/avatar\/00a4611352abea7e82132135723c0d3afd784e4d7586b0fbecc2e2af8bd8648b?s=96&d=mm&r=g","caption":"Robby Klier"},"description":"Redakteur","sameAs":["http:\/\/chicandchill.de"],"url":"https:\/\/chicandchill.de\/\/author\/robbyklier\/"}]}},"jetpack_publicize_connections":[],"jetpack_featured_media_url":"https:\/\/i0.wp.com\/chicandchill.de\/wp-content\/uploads\/2024\/10\/Bildschirmfoto-2025-12-10-um-14.34.19.webp?fit=1804%2C1804&ssl=1","jetpack_sharing_enabled":true,"_links":{"self":[{"href":"https:\/\/chicandchill.de\/\/wp-json\/wp\/v2\/posts\/10245","targetHints":{"allow":["GET"]}}],"collection":[{"href":"https:\/\/chicandchill.de\/\/wp-json\/wp\/v2\/posts"}],"about":[{"href":"https:\/\/chicandchill.de\/\/wp-json\/wp\/v2\/types\/post"}],"author":[{"embeddable":true,"href":"https:\/\/chicandchill.de\/\/wp-json\/wp\/v2\/users\/1"}],"replies":[{"embeddable":true,"href":"https:\/\/chicandchill.de\/\/wp-json\/wp\/v2\/comments?post=10245"}],"version-history":[{"count":3,"href":"https:\/\/chicandchill.de\/\/wp-json\/wp\/v2\/posts\/10245\/revisions"}],"predecessor-version":[{"id":11869,"href":"https:\/\/chicandchill.de\/\/wp-json\/wp\/v2\/posts\/10245\/revisions\/11869"}],"wp:featuredmedia":[{"embeddable":true,"href":"https:\/\/chicandchill.de\/\/wp-json\/wp\/v2\/media\/12511"}],"wp:attachment":[{"href":"https:\/\/chicandchill.de\/\/wp-json\/wp\/v2\/media?parent=10245"}],"wp:term":[{"taxonomy":"category","embeddable":true,"href":"https:\/\/chicandchill.de\/\/wp-json\/wp\/v2\/categories?post=10245"},{"taxonomy":"post_tag","embeddable":true,"href":"https:\/\/chicandchill.de\/\/wp-json\/wp\/v2\/tags?post=10245"},{"taxonomy":"job-kategorie","embeddable":true,"href":"https:\/\/chicandchill.de\/\/wp-json\/wp\/v2\/job-kategorie?post=10245"},{"taxonomy":"location","embeddable":true,"href":"https:\/\/chicandchill.de\/\/wp-json\/wp\/v2\/location?post=10245"},{"taxonomy":"marken-brands","embeddable":true,"href":"https:\/\/chicandchill.de\/\/wp-json\/wp\/v2\/marken-brands?post=10245"},{"taxonomy":"spezialisiert","embeddable":true,"href":"https:\/\/chicandchill.de\/\/wp-json\/wp\/v2\/spezialisiert?post=10245"}],"curies":[{"name":"wp","href":"https:\/\/api.w.org\/{rel}","templated":true}]}}