{"id":10243,"date":"2025-03-15T11:10:55","date_gmt":"2025-03-15T10:10:55","guid":{"rendered":"https:\/\/chicandchill.de\/2025\/03\/15\/jenna-schumann\/"},"modified":"2025-09-13T01:33:50","modified_gmt":"2025-09-12T23:33:50","slug":"jenna-schumann","status":"publish","type":"post","link":"https:\/\/chicandchill.de\/\/jenna-schumann\/","title":{"rendered":"Jenna"},"content":{"rendered":"\n<p>Hi, ich bin Jenna! \ud83d\udca5\u2702\ufe0f<\/p>\n\n\n\n<p>Ich liebe es, auff\u00e4llige und knallige Farbstyles zu zaubern \u2013 je ausgefallener, desto besser! \ud83c\udf08\ud83d\udc87 Wenn du Lust auf einen echten Wow-Look hast, bist du bei mir genau richtig. \ud83c\udfa8\ud83d\udd25<\/p>\n\n\n\n<p>Au\u00dferdem bin ich bei uns f\u00fcr <strong>Sugaring<\/strong> zust\u00e4ndig \u2013 sanft, gr\u00fcndlich und mit viel Feingef\u00fchl. \ud83c\udf6f\ud83d\udc9b<\/p>\n\n\n\n<p>Mein Spezialgebiet sind zudem <strong>Tape-Extensions<\/strong> \u2013 f\u00fcr nat\u00fcrlich aussehendes, volles Haar mit perfektem Halt. \ud83d\udcab<\/p>\n\n\n\n<p>Komm gerne vorbei und lass dich von mir versch\u00f6nern \u2013 ob Kopf oder K\u00f6rper, ich bringe alles zum Strahlen! \u2728<\/p>\n\n\n\n<p><a href=\"https:\/\/www.instagram.com\/explore\/tags\/teamvorstellung\/\">#teamvorstellung<\/a> \u00a0<a href=\"https:\/\/www.instagram.com\/explore\/tags\/friseurleben\/\">#friseurleben<\/a> \u00a0<a href=\"https:\/\/www.instagram.com\/explore\/tags\/buntestyles\/\">#buntestyles<\/a> \u00a0<a href=\"https:\/\/www.instagram.com\/explore\/tags\/sugaring\/\">#sugaring<\/a> \u00a0<a href=\"https:\/\/www.instagram.com\/explore\/tags\/hairmagic\/\">#hairmagic<\/a> \u00a0<a href=\"https:\/\/www.instagram.com\/explore\/tags\/salonliebe\/\">#salonliebe<\/a> \u00a0<a href=\"https:\/\/www.instagram.com\/explore\/tags\/chicandchill\/\">#chicandchill<\/a> \u00a0<a href=\"https:\/\/www.instagram.com\/explore\/tags\/bornabeauty\/\">#bornabeauty<\/a> \u00a0<a href=\"https:\/\/www.instagram.com\/explore\/tags\/borna\/\">#borna<\/a> \u00a0<a href=\"https:\/\/www.instagram.com\/explore\/tags\/chicandchillborna\/\">#chicandchillborna<\/a><\/p>\n","protected":false},"excerpt":{"rendered":"<p>Hi, ich bin Jenna! \ud83d\udca5\u2702\ufe0f Ich liebe es, auff\u00e4llige und knallige Farbstyles zu zaubern \u2013 je ausgefallener, desto besser! \ud83c\udf08\ud83d\udc87 Wenn du Lust auf einen echten Wow-Look hast, bist du bei mir genau richtig. \ud83c\udfa8\ud83d\udd25 Au\u00dferdem bin ich bei uns f\u00fcr Sugaring zust\u00e4ndig \u2013 sanft, gr\u00fcndlich und mit viel Feingef\u00fchl. \ud83c\udf6f\ud83d\udc9b Mein Spezialgebiet sind zudem [&hellip;]<\/p>\n","protected":false},"author":1,"featured_media":12090,"comment_status":"closed","ping_status":"closed","sticky":false,"template":"","format":"standard","meta":{"_acf_changed":false,"_jetpack_memberships_contains_paid_content":false,"footnotes":"","jetpack_publicize_message":"","jetpack_publicize_feature_enabled":true,"jetpack_social_post_already_shared":false,"jetpack_social_options":{"image_generator_settings":{"template":"highway","default_image_id":0,"font":"","enabled":false},"version":2}},"categories":[1032,1004],"tags":[],"job-kategorie":[],"location":[1009],"marken-brands":[],"spezialisiert":[1027,1026,1028,1025],"class_list":["post-10243","post","type-post","status-publish","format-standard","has-post-thumbnail","hentry","category-timeline","category-unsere-mitarbeiter","location-borna","spezialisiert-color","spezialisiert-extensions","spezialisiert-sugaring","spezialisiert-tapes"],"acf":[],"yoast_head":"<!-- This site is optimized with the Yoast SEO plugin v27.5 - https:\/\/yoast.com\/product\/yoast-seo-wordpress\/ -->\n<title>Jenna - Chic and Chill Friseur &amp; Barbier<\/title>\n<meta name=\"robots\" content=\"index, follow, max-snippet:-1, max-image-preview:large, max-video-preview:-1\" \/>\n<link rel=\"canonical\" href=\"https:\/\/chicandchill.de\/\/jenna-schumann\/\" \/>\n<meta property=\"og:locale\" content=\"de_DE\" \/>\n<meta property=\"og:type\" content=\"article\" \/>\n<meta property=\"og:title\" content=\"Jenna - Chic and Chill Friseur &amp; Barbier\" \/>\n<meta property=\"og:description\" content=\"Hi, ich bin Jenna! \ud83d\udca5\u2702\ufe0f Ich liebe es, auff\u00e4llige und knallige Farbstyles zu zaubern \u2013 je ausgefallener, desto besser! \ud83c\udf08\ud83d\udc87 Wenn du Lust auf einen echten Wow-Look hast, bist du bei mir genau richtig. \ud83c\udfa8\ud83d\udd25 Au\u00dferdem bin ich bei uns f\u00fcr Sugaring zust\u00e4ndig \u2013 sanft, gr\u00fcndlich und mit viel Feingef\u00fchl. \ud83c\udf6f\ud83d\udc9b Mein Spezialgebiet sind zudem [&hellip;]\" \/>\n<meta property=\"og:url\" content=\"https:\/\/chicandchill.de\/\/jenna-schumann\/\" \/>\n<meta property=\"og:site_name\" content=\"Chic and Chill Friseur &amp; Barbier\" \/>\n<meta property=\"article:published_time\" content=\"2025-03-15T10:10:55+00:00\" \/>\n<meta property=\"article:modified_time\" content=\"2025-09-12T23:33:50+00:00\" \/>\n<meta property=\"og:image\" content=\"https:\/\/i0.wp.com\/chicandchill.de\/wp-content\/uploads\/2025\/03\/0C28D615-4508-479E-BFE4-42E5C23AB5F3.webp?fit=817%2C1418&ssl=1\" \/>\n\t<meta property=\"og:image:width\" content=\"817\" \/>\n\t<meta property=\"og:image:height\" content=\"1418\" \/>\n\t<meta property=\"og:image:type\" content=\"image\/webp\" \/>\n<meta name=\"author\" content=\"Robby Klier\" \/>\n<meta name=\"twitter:card\" content=\"summary_large_image\" \/>\n<meta name=\"twitter:label1\" content=\"Verfasst von\" \/>\n\t<meta name=\"twitter:data1\" content=\"Robby Klier\" \/>\n\t<meta name=\"twitter:label2\" content=\"Gesch\u00e4tzte Lesezeit\" \/>\n\t<meta name=\"twitter:data2\" content=\"1\u00a0Minute\" \/>\n<script type=\"application\/ld+json\" class=\"yoast-schema-graph\">{\"@context\":\"https:\\\/\\\/schema.org\",\"@graph\":[{\"@type\":\"Article\",\"@id\":\"https:\\\/\\\/chicandchill.de\\\/\\\/jenna-schumann\\\/#article\",\"isPartOf\":{\"@id\":\"https:\\\/\\\/chicandchill.de\\\/\\\/jenna-schumann\\\/\"},\"author\":{\"name\":\"Robby Klier\",\"@id\":\"https:\\\/\\\/chicandchill.de\\\/#\\\/schema\\\/person\\\/f6e5e90510f64a8c6ccdbbb7be02a7c1\"},\"headline\":\"Jenna\",\"datePublished\":\"2025-03-15T10:10:55+00:00\",\"dateModified\":\"2025-09-12T23:33:50+00:00\",\"mainEntityOfPage\":{\"@id\":\"https:\\\/\\\/chicandchill.de\\\/\\\/jenna-schumann\\\/\"},\"wordCount\":97,\"publisher\":{\"@id\":\"https:\\\/\\\/chicandchill.de\\\/#organization\"},\"image\":{\"@id\":\"https:\\\/\\\/chicandchill.de\\\/\\\/jenna-schumann\\\/#primaryimage\"},\"thumbnailUrl\":\"https:\\\/\\\/i0.wp.com\\\/chicandchill.de\\\/wp-content\\\/uploads\\\/2025\\\/03\\\/0C28D615-4508-479E-BFE4-42E5C23AB5F3.webp?fit=817%2C1418&ssl=1\",\"articleSection\":[\"Timeline\",\"Unsere Mitarbeiter\"],\"inLanguage\":\"de\"},{\"@type\":\"WebPage\",\"@id\":\"https:\\\/\\\/chicandchill.de\\\/\\\/jenna-schumann\\\/\",\"url\":\"https:\\\/\\\/chicandchill.de\\\/\\\/jenna-schumann\\\/\",\"name\":\"Jenna - Chic and Chill Friseur &amp; Barbier\",\"isPartOf\":{\"@id\":\"https:\\\/\\\/chicandchill.de\\\/#website\"},\"primaryImageOfPage\":{\"@id\":\"https:\\\/\\\/chicandchill.de\\\/\\\/jenna-schumann\\\/#primaryimage\"},\"image\":{\"@id\":\"https:\\\/\\\/chicandchill.de\\\/\\\/jenna-schumann\\\/#primaryimage\"},\"thumbnailUrl\":\"https:\\\/\\\/i0.wp.com\\\/chicandchill.de\\\/wp-content\\\/uploads\\\/2025\\\/03\\\/0C28D615-4508-479E-BFE4-42E5C23AB5F3.webp?fit=817%2C1418&ssl=1\",\"datePublished\":\"2025-03-15T10:10:55+00:00\",\"dateModified\":\"2025-09-12T23:33:50+00:00\",\"breadcrumb\":{\"@id\":\"https:\\\/\\\/chicandchill.de\\\/\\\/jenna-schumann\\\/#breadcrumb\"},\"inLanguage\":\"de\",\"potentialAction\":[{\"@type\":\"ReadAction\",\"target\":[\"https:\\\/\\\/chicandchill.de\\\/\\\/jenna-schumann\\\/\"]}]},{\"@type\":\"ImageObject\",\"inLanguage\":\"de\",\"@id\":\"https:\\\/\\\/chicandchill.de\\\/\\\/jenna-schumann\\\/#primaryimage\",\"url\":\"https:\\\/\\\/i0.wp.com\\\/chicandchill.de\\\/wp-content\\\/uploads\\\/2025\\\/03\\\/0C28D615-4508-479E-BFE4-42E5C23AB5F3.webp?fit=817%2C1418&ssl=1\",\"contentUrl\":\"https:\\\/\\\/i0.wp.com\\\/chicandchill.de\\\/wp-content\\\/uploads\\\/2025\\\/03\\\/0C28D615-4508-479E-BFE4-42E5C23AB5F3.webp?fit=817%2C1418&ssl=1\",\"width\":817,\"height\":1418},{\"@type\":\"BreadcrumbList\",\"@id\":\"https:\\\/\\\/chicandchill.de\\\/\\\/jenna-schumann\\\/#breadcrumb\",\"itemListElement\":[{\"@type\":\"ListItem\",\"position\":1,\"name\":\"Startseite\",\"item\":\"https:\\\/\\\/chicandchill.de\\\/\"},{\"@type\":\"ListItem\",\"position\":2,\"name\":\"Jenna\"}]},{\"@type\":\"WebSite\",\"@id\":\"https:\\\/\\\/chicandchill.de\\\/#website\",\"url\":\"https:\\\/\\\/chicandchill.de\\\/\",\"name\":\"Chic & Chill \u2013 Friseur in Borna bei Leipzig & Chemnitz\",\"description\":\"Dein Style. Unser Handwerk.\",\"publisher\":{\"@id\":\"https:\\\/\\\/chicandchill.de\\\/#organization\"},\"alternateName\":\"Chic & Chill Friseur Borna\",\"potentialAction\":[{\"@type\":\"SearchAction\",\"target\":{\"@type\":\"EntryPoint\",\"urlTemplate\":\"https:\\\/\\\/chicandchill.de\\\/?s={search_term_string}\"},\"query-input\":{\"@type\":\"PropertyValueSpecification\",\"valueRequired\":true,\"valueName\":\"search_term_string\"}}],\"inLanguage\":\"de\"},{\"@type\":\"Organization\",\"@id\":\"https:\\\/\\\/chicandchill.de\\\/#organization\",\"name\":\"Chic & Chill \u2013 Friseur in Borna bei Leipzig & Chemnitz\",\"alternateName\":\"Chic & Chill Friseur Borna\",\"url\":\"https:\\\/\\\/chicandchill.de\\\/\",\"logo\":{\"@type\":\"ImageObject\",\"inLanguage\":\"de\",\"@id\":\"https:\\\/\\\/chicandchill.de\\\/#\\\/schema\\\/logo\\\/image\\\/\",\"url\":\"https:\\\/\\\/i0.wp.com\\\/chicandchill.de\\\/wp-content\\\/uploads\\\/2024\\\/09\\\/Transparent-Logo.png?fit=2396%2C1221&ssl=1\",\"contentUrl\":\"https:\\\/\\\/i0.wp.com\\\/chicandchill.de\\\/wp-content\\\/uploads\\\/2024\\\/09\\\/Transparent-Logo.png?fit=2396%2C1221&ssl=1\",\"width\":2396,\"height\":1221,\"caption\":\"Chic & Chill \u2013 Friseur in Borna bei Leipzig & Chemnitz\"},\"image\":{\"@id\":\"https:\\\/\\\/chicandchill.de\\\/#\\\/schema\\\/logo\\\/image\\\/\"},\"sameAs\":[\"https:\\\/\\\/www.instagram.com\\\/chicandchill_haarbaendiger\\\/\"]},{\"@type\":\"Person\",\"@id\":\"https:\\\/\\\/chicandchill.de\\\/#\\\/schema\\\/person\\\/f6e5e90510f64a8c6ccdbbb7be02a7c1\",\"name\":\"Robby Klier\",\"image\":{\"@type\":\"ImageObject\",\"inLanguage\":\"de\",\"@id\":\"https:\\\/\\\/secure.gravatar.com\\\/avatar\\\/00a4611352abea7e82132135723c0d3afd784e4d7586b0fbecc2e2af8bd8648b?s=96&d=mm&r=g\",\"url\":\"https:\\\/\\\/secure.gravatar.com\\\/avatar\\\/00a4611352abea7e82132135723c0d3afd784e4d7586b0fbecc2e2af8bd8648b?s=96&d=mm&r=g\",\"contentUrl\":\"https:\\\/\\\/secure.gravatar.com\\\/avatar\\\/00a4611352abea7e82132135723c0d3afd784e4d7586b0fbecc2e2af8bd8648b?s=96&d=mm&r=g\",\"caption\":\"Robby Klier\"},\"description\":\"Redakteur\",\"sameAs\":[\"http:\\\/\\\/chicandchill.de\"],\"url\":\"https:\\\/\\\/chicandchill.de\\\/\\\/author\\\/robbyklier\\\/\"}]}<\/script>\n<!-- \/ Yoast SEO plugin. -->","yoast_head_json":{"title":"Jenna - Chic and Chill Friseur &amp; Barbier","robots":{"index":"index","follow":"follow","max-snippet":"max-snippet:-1","max-image-preview":"max-image-preview:large","max-video-preview":"max-video-preview:-1"},"canonical":"https:\/\/chicandchill.de\/\/jenna-schumann\/","og_locale":"de_DE","og_type":"article","og_title":"Jenna - Chic and Chill Friseur &amp; Barbier","og_description":"Hi, ich bin Jenna! \ud83d\udca5\u2702\ufe0f Ich liebe es, auff\u00e4llige und knallige Farbstyles zu zaubern \u2013 je ausgefallener, desto besser! \ud83c\udf08\ud83d\udc87 Wenn du Lust auf einen echten Wow-Look hast, bist du bei mir genau richtig. \ud83c\udfa8\ud83d\udd25 Au\u00dferdem bin ich bei uns f\u00fcr Sugaring zust\u00e4ndig \u2013 sanft, gr\u00fcndlich und mit viel Feingef\u00fchl. \ud83c\udf6f\ud83d\udc9b Mein Spezialgebiet sind zudem [&hellip;]","og_url":"https:\/\/chicandchill.de\/\/jenna-schumann\/","og_site_name":"Chic and Chill Friseur &amp; Barbier","article_published_time":"2025-03-15T10:10:55+00:00","article_modified_time":"2025-09-12T23:33:50+00:00","og_image":[{"width":817,"height":1418,"url":"https:\/\/i0.wp.com\/chicandchill.de\/wp-content\/uploads\/2025\/03\/0C28D615-4508-479E-BFE4-42E5C23AB5F3.webp?fit=817%2C1418&ssl=1","type":"image\/webp"}],"author":"Robby Klier","twitter_card":"summary_large_image","twitter_misc":{"Verfasst von":"Robby Klier","Gesch\u00e4tzte Lesezeit":"1\u00a0Minute"},"schema":{"@context":"https:\/\/schema.org","@graph":[{"@type":"Article","@id":"https:\/\/chicandchill.de\/\/jenna-schumann\/#article","isPartOf":{"@id":"https:\/\/chicandchill.de\/\/jenna-schumann\/"},"author":{"name":"Robby Klier","@id":"https:\/\/chicandchill.de\/#\/schema\/person\/f6e5e90510f64a8c6ccdbbb7be02a7c1"},"headline":"Jenna","datePublished":"2025-03-15T10:10:55+00:00","dateModified":"2025-09-12T23:33:50+00:00","mainEntityOfPage":{"@id":"https:\/\/chicandchill.de\/\/jenna-schumann\/"},"wordCount":97,"publisher":{"@id":"https:\/\/chicandchill.de\/#organization"},"image":{"@id":"https:\/\/chicandchill.de\/\/jenna-schumann\/#primaryimage"},"thumbnailUrl":"https:\/\/i0.wp.com\/chicandchill.de\/wp-content\/uploads\/2025\/03\/0C28D615-4508-479E-BFE4-42E5C23AB5F3.webp?fit=817%2C1418&ssl=1","articleSection":["Timeline","Unsere Mitarbeiter"],"inLanguage":"de"},{"@type":"WebPage","@id":"https:\/\/chicandchill.de\/\/jenna-schumann\/","url":"https:\/\/chicandchill.de\/\/jenna-schumann\/","name":"Jenna - Chic and Chill Friseur &amp; Barbier","isPartOf":{"@id":"https:\/\/chicandchill.de\/#website"},"primaryImageOfPage":{"@id":"https:\/\/chicandchill.de\/\/jenna-schumann\/#primaryimage"},"image":{"@id":"https:\/\/chicandchill.de\/\/jenna-schumann\/#primaryimage"},"thumbnailUrl":"https:\/\/i0.wp.com\/chicandchill.de\/wp-content\/uploads\/2025\/03\/0C28D615-4508-479E-BFE4-42E5C23AB5F3.webp?fit=817%2C1418&ssl=1","datePublished":"2025-03-15T10:10:55+00:00","dateModified":"2025-09-12T23:33:50+00:00","breadcrumb":{"@id":"https:\/\/chicandchill.de\/\/jenna-schumann\/#breadcrumb"},"inLanguage":"de","potentialAction":[{"@type":"ReadAction","target":["https:\/\/chicandchill.de\/\/jenna-schumann\/"]}]},{"@type":"ImageObject","inLanguage":"de","@id":"https:\/\/chicandchill.de\/\/jenna-schumann\/#primaryimage","url":"https:\/\/i0.wp.com\/chicandchill.de\/wp-content\/uploads\/2025\/03\/0C28D615-4508-479E-BFE4-42E5C23AB5F3.webp?fit=817%2C1418&ssl=1","contentUrl":"https:\/\/i0.wp.com\/chicandchill.de\/wp-content\/uploads\/2025\/03\/0C28D615-4508-479E-BFE4-42E5C23AB5F3.webp?fit=817%2C1418&ssl=1","width":817,"height":1418},{"@type":"BreadcrumbList","@id":"https:\/\/chicandchill.de\/\/jenna-schumann\/#breadcrumb","itemListElement":[{"@type":"ListItem","position":1,"name":"Startseite","item":"https:\/\/chicandchill.de\/"},{"@type":"ListItem","position":2,"name":"Jenna"}]},{"@type":"WebSite","@id":"https:\/\/chicandchill.de\/#website","url":"https:\/\/chicandchill.de\/","name":"Chic & Chill \u2013 Friseur in Borna bei Leipzig & Chemnitz","description":"Dein Style. Unser Handwerk.","publisher":{"@id":"https:\/\/chicandchill.de\/#organization"},"alternateName":"Chic & Chill Friseur Borna","potentialAction":[{"@type":"SearchAction","target":{"@type":"EntryPoint","urlTemplate":"https:\/\/chicandchill.de\/?s={search_term_string}"},"query-input":{"@type":"PropertyValueSpecification","valueRequired":true,"valueName":"search_term_string"}}],"inLanguage":"de"},{"@type":"Organization","@id":"https:\/\/chicandchill.de\/#organization","name":"Chic & Chill \u2013 Friseur in Borna bei Leipzig & Chemnitz","alternateName":"Chic & Chill Friseur Borna","url":"https:\/\/chicandchill.de\/","logo":{"@type":"ImageObject","inLanguage":"de","@id":"https:\/\/chicandchill.de\/#\/schema\/logo\/image\/","url":"https:\/\/i0.wp.com\/chicandchill.de\/wp-content\/uploads\/2024\/09\/Transparent-Logo.png?fit=2396%2C1221&ssl=1","contentUrl":"https:\/\/i0.wp.com\/chicandchill.de\/wp-content\/uploads\/2024\/09\/Transparent-Logo.png?fit=2396%2C1221&ssl=1","width":2396,"height":1221,"caption":"Chic & Chill \u2013 Friseur in Borna bei Leipzig & Chemnitz"},"image":{"@id":"https:\/\/chicandchill.de\/#\/schema\/logo\/image\/"},"sameAs":["https:\/\/www.instagram.com\/chicandchill_haarbaendiger\/"]},{"@type":"Person","@id":"https:\/\/chicandchill.de\/#\/schema\/person\/f6e5e90510f64a8c6ccdbbb7be02a7c1","name":"Robby Klier","image":{"@type":"ImageObject","inLanguage":"de","@id":"https:\/\/secure.gravatar.com\/avatar\/00a4611352abea7e82132135723c0d3afd784e4d7586b0fbecc2e2af8bd8648b?s=96&d=mm&r=g","url":"https:\/\/secure.gravatar.com\/avatar\/00a4611352abea7e82132135723c0d3afd784e4d7586b0fbecc2e2af8bd8648b?s=96&d=mm&r=g","contentUrl":"https:\/\/secure.gravatar.com\/avatar\/00a4611352abea7e82132135723c0d3afd784e4d7586b0fbecc2e2af8bd8648b?s=96&d=mm&r=g","caption":"Robby Klier"},"description":"Redakteur","sameAs":["http:\/\/chicandchill.de"],"url":"https:\/\/chicandchill.de\/\/author\/robbyklier\/"}]}},"jetpack_publicize_connections":[],"jetpack_featured_media_url":"https:\/\/i0.wp.com\/chicandchill.de\/wp-content\/uploads\/2025\/03\/0C28D615-4508-479E-BFE4-42E5C23AB5F3.webp?fit=817%2C1418&ssl=1","jetpack_sharing_enabled":true,"_links":{"self":[{"href":"https:\/\/chicandchill.de\/\/wp-json\/wp\/v2\/posts\/10243","targetHints":{"allow":["GET"]}}],"collection":[{"href":"https:\/\/chicandchill.de\/\/wp-json\/wp\/v2\/posts"}],"about":[{"href":"https:\/\/chicandchill.de\/\/wp-json\/wp\/v2\/types\/post"}],"author":[{"embeddable":true,"href":"https:\/\/chicandchill.de\/\/wp-json\/wp\/v2\/users\/1"}],"replies":[{"embeddable":true,"href":"https:\/\/chicandchill.de\/\/wp-json\/wp\/v2\/comments?post=10243"}],"version-history":[{"count":3,"href":"https:\/\/chicandchill.de\/\/wp-json\/wp\/v2\/posts\/10243\/revisions"}],"predecessor-version":[{"id":11862,"href":"https:\/\/chicandchill.de\/\/wp-json\/wp\/v2\/posts\/10243\/revisions\/11862"}],"wp:featuredmedia":[{"embeddable":true,"href":"https:\/\/chicandchill.de\/\/wp-json\/wp\/v2\/media\/12090"}],"wp:attachment":[{"href":"https:\/\/chicandchill.de\/\/wp-json\/wp\/v2\/media?parent=10243"}],"wp:term":[{"taxonomy":"category","embeddable":true,"href":"https:\/\/chicandchill.de\/\/wp-json\/wp\/v2\/categories?post=10243"},{"taxonomy":"post_tag","embeddable":true,"href":"https:\/\/chicandchill.de\/\/wp-json\/wp\/v2\/tags?post=10243"},{"taxonomy":"job-kategorie","embeddable":true,"href":"https:\/\/chicandchill.de\/\/wp-json\/wp\/v2\/job-kategorie?post=10243"},{"taxonomy":"location","embeddable":true,"href":"https:\/\/chicandchill.de\/\/wp-json\/wp\/v2\/location?post=10243"},{"taxonomy":"marken-brands","embeddable":true,"href":"https:\/\/chicandchill.de\/\/wp-json\/wp\/v2\/marken-brands?post=10243"},{"taxonomy":"spezialisiert","embeddable":true,"href":"https:\/\/chicandchill.de\/\/wp-json\/wp\/v2\/spezialisiert?post=10243"}],"curies":[{"name":"wp","href":"https:\/\/api.w.org\/{rel}","templated":true}]}}