{"id":10241,"date":"2025-08-05T08:12:33","date_gmt":"2025-08-05T06:12:33","guid":{"rendered":"https:\/\/chicandchill.de\/2025\/08\/05\/madeleine\/"},"modified":"2025-12-16T16:44:51","modified_gmt":"2025-12-16T15:44:51","slug":"madeleine","status":"publish","type":"post","link":"https:\/\/chicandchill.de\/\/madeleine\/","title":{"rendered":"Madeleine"},"content":{"rendered":"\n<p>\u2728 Willkommen bei Chic &amp; Chill \u2013 ich bin Madeleine! \u2728<\/p>\n\n\n\n<p>Als Friseurmeisterin bringe ich jede Menge Erfahrung und eine gro\u00dfe Leidenschaft f\u00fcr <strong>Dauerwellen<\/strong> mit. \ud83d\udc87\u200d\u2640\ufe0f\ud83d\udc96<br>Ob volumin\u00f6se Locken oder sanfte Wellen \u2013 bei mir bist du in den besten H\u00e4nden.<\/p>\n\n\n\n<p>Zus\u00e4tzlich bin ich auch im Thema <strong>Bondings<\/strong> zu Hause und sorge daf\u00fcr, dass deine Extensions perfekt sitzen und nat\u00fcrlich wirken. \u2728<\/p>\n\n\n\n<p>Komm gern vorbei und sag Hallo \u2013 ich freue mich auf dich! \ud83d\udc4b\ud83d\udcac<\/p>\n\n\n\n<p><a href=\"https:\/\/www.instagram.com\/explore\/tags\/willkommenimteam\/\">#WillkommenImTeam<\/a> \u00a0<a href=\"https:\/\/www.instagram.com\/explore\/tags\/friseurmeisterin\/\">#Friseurmeisterin<\/a> \u00a0<a href=\"https:\/\/www.instagram.com\/explore\/tags\/dauerwelle\/\">#Dauerwelle<\/a> \u00a0<a href=\"https:\/\/www.instagram.com\/explore\/tags\/lockenliebe\/\">#Lockenliebe<\/a> \u00a0<a href=\"https:\/\/www.instagram.com\/explore\/tags\/hairgoals\/\">#HairGoals <\/a>\u00a0<a href=\"https:\/\/www.instagram.com\/explore\/tags\/neuesteammitglied\/\">#NeuesTeammitglied<\/a> \u00a0<a href=\"https:\/\/www.instagram.com\/explore\/tags\/chicandchill\/\">#ChicAndChill <\/a>\u00a0 <a href=\"https:\/\/www.instagram.com\/explore\/tags\/chicandchillborna\/\">#ChicAndChillBorna<\/a> \u00a0<a href=\"https:\/\/www.instagram.com\/explore\/tags\/borna\/\">#Borna<\/a> \u00a0<a href=\"https:\/\/www.instagram.com\/explore\/tags\/friseur\/\">#Friseur<\/a> \u00a0<a href=\"https:\/\/www.instagram.com\/explore\/tags\/friseurliebe\/\">#FriseurLiebe<\/a> \u00a0<a href=\"https:\/\/www.instagram.com\/explore\/tags\/bornabeuty\/\">#BornaBeuty<\/a> \u00a0<a href=\"https:\/\/www.instagram.com\/explore\/tags\/balayage\/\">#Balayage<\/a>\u00a0 <a href=\"https:\/\/www.instagram.com\/explore\/tags\/blondliebe\/\">#BlondLiebe<\/a> \u00a0<a href=\"https:\/\/www.instagram.com\/explore\/tags\/friseurin\/\">#Friseurin<\/a><\/p>\n","protected":false},"excerpt":{"rendered":"<p>\u2728 Willkommen bei Chic &amp; Chill \u2013 ich bin Madeleine! \u2728 Als Friseurmeisterin bringe ich jede Menge Erfahrung und eine gro\u00dfe Leidenschaft f\u00fcr Dauerwellen mit. \ud83d\udc87\u200d\u2640\ufe0f\ud83d\udc96Ob volumin\u00f6se Locken oder sanfte Wellen \u2013 bei mir bist du in den besten H\u00e4nden. Zus\u00e4tzlich bin ich auch im Thema Bondings zu Hause und sorge daf\u00fcr, dass deine Extensions [&hellip;]<\/p>\n","protected":false},"author":1,"featured_media":12513,"comment_status":"closed","ping_status":"closed","sticky":false,"template":"","format":"standard","meta":{"_acf_changed":false,"_jetpack_memberships_contains_paid_content":false,"footnotes":"","jetpack_publicize_message":"","jetpack_publicize_feature_enabled":true,"jetpack_social_post_already_shared":false,"jetpack_social_options":{"image_generator_settings":{"template":"highway","default_image_id":0,"font":"","enabled":false},"version":2}},"categories":[1032,1004],"tags":[],"job-kategorie":[],"location":[1009],"marken-brands":[],"spezialisiert":[],"class_list":["post-10241","post","type-post","status-publish","format-standard","has-post-thumbnail","hentry","category-timeline","category-unsere-mitarbeiter","location-borna"],"acf":[],"yoast_head":"<!-- This site is optimized with the Yoast SEO plugin v27.5 - https:\/\/yoast.com\/product\/yoast-seo-wordpress\/ -->\n<title>Madeleine - Chic and Chill Friseur &amp; Barbier<\/title>\n<meta name=\"robots\" content=\"index, follow, max-snippet:-1, max-image-preview:large, max-video-preview:-1\" \/>\n<link rel=\"canonical\" href=\"https:\/\/chicandchill.de\/\/madeleine\/\" \/>\n<meta property=\"og:locale\" content=\"de_DE\" \/>\n<meta property=\"og:type\" content=\"article\" \/>\n<meta property=\"og:title\" content=\"Madeleine - Chic and Chill Friseur &amp; Barbier\" \/>\n<meta property=\"og:description\" content=\"\u2728 Willkommen bei Chic &amp; Chill \u2013 ich bin Madeleine! \u2728 Als Friseurmeisterin bringe ich jede Menge Erfahrung und eine gro\u00dfe Leidenschaft f\u00fcr Dauerwellen mit. \ud83d\udc87\u200d\u2640\ufe0f\ud83d\udc96Ob volumin\u00f6se Locken oder sanfte Wellen \u2013 bei mir bist du in den besten H\u00e4nden. Zus\u00e4tzlich bin ich auch im Thema Bondings zu Hause und sorge daf\u00fcr, dass deine Extensions [&hellip;]\" \/>\n<meta property=\"og:url\" content=\"https:\/\/chicandchill.de\/\/madeleine\/\" \/>\n<meta property=\"og:site_name\" content=\"Chic and Chill Friseur &amp; Barbier\" \/>\n<meta property=\"article:published_time\" content=\"2025-08-05T06:12:33+00:00\" \/>\n<meta property=\"article:modified_time\" content=\"2025-12-16T15:44:51+00:00\" \/>\n<meta property=\"og:image\" content=\"https:\/\/i0.wp.com\/chicandchill.de\/wp-content\/uploads\/2025\/08\/Bildschirmfoto-2025-12-10-um-15.08.23.webp?fit=1586%2C1554&ssl=1\" \/>\n\t<meta property=\"og:image:width\" content=\"1586\" \/>\n\t<meta property=\"og:image:height\" content=\"1554\" \/>\n\t<meta property=\"og:image:type\" content=\"image\/webp\" \/>\n<meta name=\"author\" content=\"Robby Klier\" \/>\n<meta name=\"twitter:card\" content=\"summary_large_image\" \/>\n<meta name=\"twitter:label1\" content=\"Verfasst von\" \/>\n\t<meta name=\"twitter:data1\" content=\"Robby Klier\" \/>\n\t<meta name=\"twitter:label2\" content=\"Gesch\u00e4tzte Lesezeit\" \/>\n\t<meta name=\"twitter:data2\" content=\"1\u00a0Minute\" \/>\n<script type=\"application\/ld+json\" class=\"yoast-schema-graph\">{\"@context\":\"https:\\\/\\\/schema.org\",\"@graph\":[{\"@type\":\"Article\",\"@id\":\"https:\\\/\\\/chicandchill.de\\\/\\\/madeleine\\\/#article\",\"isPartOf\":{\"@id\":\"https:\\\/\\\/chicandchill.de\\\/\\\/madeleine\\\/\"},\"author\":{\"name\":\"Robby Klier\",\"@id\":\"https:\\\/\\\/chicandchill.de\\\/#\\\/schema\\\/person\\\/f6e5e90510f64a8c6ccdbbb7be02a7c1\"},\"headline\":\"Madeleine\",\"datePublished\":\"2025-08-05T06:12:33+00:00\",\"dateModified\":\"2025-12-16T15:44:51+00:00\",\"mainEntityOfPage\":{\"@id\":\"https:\\\/\\\/chicandchill.de\\\/\\\/madeleine\\\/\"},\"wordCount\":90,\"publisher\":{\"@id\":\"https:\\\/\\\/chicandchill.de\\\/#organization\"},\"image\":{\"@id\":\"https:\\\/\\\/chicandchill.de\\\/\\\/madeleine\\\/#primaryimage\"},\"thumbnailUrl\":\"https:\\\/\\\/i0.wp.com\\\/chicandchill.de\\\/wp-content\\\/uploads\\\/2025\\\/08\\\/Bildschirmfoto-2025-12-10-um-15.08.23.webp?fit=1586%2C1554&ssl=1\",\"articleSection\":[\"Timeline\",\"Unsere Mitarbeiter\"],\"inLanguage\":\"de\"},{\"@type\":\"WebPage\",\"@id\":\"https:\\\/\\\/chicandchill.de\\\/\\\/madeleine\\\/\",\"url\":\"https:\\\/\\\/chicandchill.de\\\/\\\/madeleine\\\/\",\"name\":\"Madeleine - Chic and Chill Friseur &amp; Barbier\",\"isPartOf\":{\"@id\":\"https:\\\/\\\/chicandchill.de\\\/#website\"},\"primaryImageOfPage\":{\"@id\":\"https:\\\/\\\/chicandchill.de\\\/\\\/madeleine\\\/#primaryimage\"},\"image\":{\"@id\":\"https:\\\/\\\/chicandchill.de\\\/\\\/madeleine\\\/#primaryimage\"},\"thumbnailUrl\":\"https:\\\/\\\/i0.wp.com\\\/chicandchill.de\\\/wp-content\\\/uploads\\\/2025\\\/08\\\/Bildschirmfoto-2025-12-10-um-15.08.23.webp?fit=1586%2C1554&ssl=1\",\"datePublished\":\"2025-08-05T06:12:33+00:00\",\"dateModified\":\"2025-12-16T15:44:51+00:00\",\"breadcrumb\":{\"@id\":\"https:\\\/\\\/chicandchill.de\\\/\\\/madeleine\\\/#breadcrumb\"},\"inLanguage\":\"de\",\"potentialAction\":[{\"@type\":\"ReadAction\",\"target\":[\"https:\\\/\\\/chicandchill.de\\\/\\\/madeleine\\\/\"]}]},{\"@type\":\"ImageObject\",\"inLanguage\":\"de\",\"@id\":\"https:\\\/\\\/chicandchill.de\\\/\\\/madeleine\\\/#primaryimage\",\"url\":\"https:\\\/\\\/i0.wp.com\\\/chicandchill.de\\\/wp-content\\\/uploads\\\/2025\\\/08\\\/Bildschirmfoto-2025-12-10-um-15.08.23.webp?fit=1586%2C1554&ssl=1\",\"contentUrl\":\"https:\\\/\\\/i0.wp.com\\\/chicandchill.de\\\/wp-content\\\/uploads\\\/2025\\\/08\\\/Bildschirmfoto-2025-12-10-um-15.08.23.webp?fit=1586%2C1554&ssl=1\",\"width\":1586,\"height\":1554},{\"@type\":\"BreadcrumbList\",\"@id\":\"https:\\\/\\\/chicandchill.de\\\/\\\/madeleine\\\/#breadcrumb\",\"itemListElement\":[{\"@type\":\"ListItem\",\"position\":1,\"name\":\"Startseite\",\"item\":\"https:\\\/\\\/chicandchill.de\\\/\"},{\"@type\":\"ListItem\",\"position\":2,\"name\":\"Madeleine\"}]},{\"@type\":\"WebSite\",\"@id\":\"https:\\\/\\\/chicandchill.de\\\/#website\",\"url\":\"https:\\\/\\\/chicandchill.de\\\/\",\"name\":\"Chic & Chill \u2013 Friseur in Borna bei Leipzig & Chemnitz\",\"description\":\"Dein Style. Unser Handwerk.\",\"publisher\":{\"@id\":\"https:\\\/\\\/chicandchill.de\\\/#organization\"},\"alternateName\":\"Chic & Chill Friseur Borna\",\"potentialAction\":[{\"@type\":\"SearchAction\",\"target\":{\"@type\":\"EntryPoint\",\"urlTemplate\":\"https:\\\/\\\/chicandchill.de\\\/?s={search_term_string}\"},\"query-input\":{\"@type\":\"PropertyValueSpecification\",\"valueRequired\":true,\"valueName\":\"search_term_string\"}}],\"inLanguage\":\"de\"},{\"@type\":\"Organization\",\"@id\":\"https:\\\/\\\/chicandchill.de\\\/#organization\",\"name\":\"Chic & Chill \u2013 Friseur in Borna bei Leipzig & Chemnitz\",\"alternateName\":\"Chic & Chill Friseur Borna\",\"url\":\"https:\\\/\\\/chicandchill.de\\\/\",\"logo\":{\"@type\":\"ImageObject\",\"inLanguage\":\"de\",\"@id\":\"https:\\\/\\\/chicandchill.de\\\/#\\\/schema\\\/logo\\\/image\\\/\",\"url\":\"https:\\\/\\\/i0.wp.com\\\/chicandchill.de\\\/wp-content\\\/uploads\\\/2024\\\/09\\\/Transparent-Logo.png?fit=2396%2C1221&ssl=1\",\"contentUrl\":\"https:\\\/\\\/i0.wp.com\\\/chicandchill.de\\\/wp-content\\\/uploads\\\/2024\\\/09\\\/Transparent-Logo.png?fit=2396%2C1221&ssl=1\",\"width\":2396,\"height\":1221,\"caption\":\"Chic & Chill \u2013 Friseur in Borna bei Leipzig & Chemnitz\"},\"image\":{\"@id\":\"https:\\\/\\\/chicandchill.de\\\/#\\\/schema\\\/logo\\\/image\\\/\"},\"sameAs\":[\"https:\\\/\\\/www.instagram.com\\\/chicandchill_haarbaendiger\\\/\"]},{\"@type\":\"Person\",\"@id\":\"https:\\\/\\\/chicandchill.de\\\/#\\\/schema\\\/person\\\/f6e5e90510f64a8c6ccdbbb7be02a7c1\",\"name\":\"Robby Klier\",\"image\":{\"@type\":\"ImageObject\",\"inLanguage\":\"de\",\"@id\":\"https:\\\/\\\/secure.gravatar.com\\\/avatar\\\/00a4611352abea7e82132135723c0d3afd784e4d7586b0fbecc2e2af8bd8648b?s=96&d=mm&r=g\",\"url\":\"https:\\\/\\\/secure.gravatar.com\\\/avatar\\\/00a4611352abea7e82132135723c0d3afd784e4d7586b0fbecc2e2af8bd8648b?s=96&d=mm&r=g\",\"contentUrl\":\"https:\\\/\\\/secure.gravatar.com\\\/avatar\\\/00a4611352abea7e82132135723c0d3afd784e4d7586b0fbecc2e2af8bd8648b?s=96&d=mm&r=g\",\"caption\":\"Robby Klier\"},\"description\":\"Redakteur\",\"sameAs\":[\"http:\\\/\\\/chicandchill.de\"],\"url\":\"https:\\\/\\\/chicandchill.de\\\/\\\/author\\\/robbyklier\\\/\"}]}<\/script>\n<!-- \/ Yoast SEO plugin. -->","yoast_head_json":{"title":"Madeleine - Chic and Chill Friseur &amp; Barbier","robots":{"index":"index","follow":"follow","max-snippet":"max-snippet:-1","max-image-preview":"max-image-preview:large","max-video-preview":"max-video-preview:-1"},"canonical":"https:\/\/chicandchill.de\/\/madeleine\/","og_locale":"de_DE","og_type":"article","og_title":"Madeleine - Chic and Chill Friseur &amp; Barbier","og_description":"\u2728 Willkommen bei Chic &amp; Chill \u2013 ich bin Madeleine! \u2728 Als Friseurmeisterin bringe ich jede Menge Erfahrung und eine gro\u00dfe Leidenschaft f\u00fcr Dauerwellen mit. \ud83d\udc87\u200d\u2640\ufe0f\ud83d\udc96Ob volumin\u00f6se Locken oder sanfte Wellen \u2013 bei mir bist du in den besten H\u00e4nden. Zus\u00e4tzlich bin ich auch im Thema Bondings zu Hause und sorge daf\u00fcr, dass deine Extensions [&hellip;]","og_url":"https:\/\/chicandchill.de\/\/madeleine\/","og_site_name":"Chic and Chill Friseur &amp; Barbier","article_published_time":"2025-08-05T06:12:33+00:00","article_modified_time":"2025-12-16T15:44:51+00:00","og_image":[{"width":1586,"height":1554,"url":"https:\/\/i0.wp.com\/chicandchill.de\/wp-content\/uploads\/2025\/08\/Bildschirmfoto-2025-12-10-um-15.08.23.webp?fit=1586%2C1554&ssl=1","type":"image\/webp"}],"author":"Robby Klier","twitter_card":"summary_large_image","twitter_misc":{"Verfasst von":"Robby Klier","Gesch\u00e4tzte Lesezeit":"1\u00a0Minute"},"schema":{"@context":"https:\/\/schema.org","@graph":[{"@type":"Article","@id":"https:\/\/chicandchill.de\/\/madeleine\/#article","isPartOf":{"@id":"https:\/\/chicandchill.de\/\/madeleine\/"},"author":{"name":"Robby Klier","@id":"https:\/\/chicandchill.de\/#\/schema\/person\/f6e5e90510f64a8c6ccdbbb7be02a7c1"},"headline":"Madeleine","datePublished":"2025-08-05T06:12:33+00:00","dateModified":"2025-12-16T15:44:51+00:00","mainEntityOfPage":{"@id":"https:\/\/chicandchill.de\/\/madeleine\/"},"wordCount":90,"publisher":{"@id":"https:\/\/chicandchill.de\/#organization"},"image":{"@id":"https:\/\/chicandchill.de\/\/madeleine\/#primaryimage"},"thumbnailUrl":"https:\/\/i0.wp.com\/chicandchill.de\/wp-content\/uploads\/2025\/08\/Bildschirmfoto-2025-12-10-um-15.08.23.webp?fit=1586%2C1554&ssl=1","articleSection":["Timeline","Unsere Mitarbeiter"],"inLanguage":"de"},{"@type":"WebPage","@id":"https:\/\/chicandchill.de\/\/madeleine\/","url":"https:\/\/chicandchill.de\/\/madeleine\/","name":"Madeleine - Chic and Chill Friseur &amp; Barbier","isPartOf":{"@id":"https:\/\/chicandchill.de\/#website"},"primaryImageOfPage":{"@id":"https:\/\/chicandchill.de\/\/madeleine\/#primaryimage"},"image":{"@id":"https:\/\/chicandchill.de\/\/madeleine\/#primaryimage"},"thumbnailUrl":"https:\/\/i0.wp.com\/chicandchill.de\/wp-content\/uploads\/2025\/08\/Bildschirmfoto-2025-12-10-um-15.08.23.webp?fit=1586%2C1554&ssl=1","datePublished":"2025-08-05T06:12:33+00:00","dateModified":"2025-12-16T15:44:51+00:00","breadcrumb":{"@id":"https:\/\/chicandchill.de\/\/madeleine\/#breadcrumb"},"inLanguage":"de","potentialAction":[{"@type":"ReadAction","target":["https:\/\/chicandchill.de\/\/madeleine\/"]}]},{"@type":"ImageObject","inLanguage":"de","@id":"https:\/\/chicandchill.de\/\/madeleine\/#primaryimage","url":"https:\/\/i0.wp.com\/chicandchill.de\/wp-content\/uploads\/2025\/08\/Bildschirmfoto-2025-12-10-um-15.08.23.webp?fit=1586%2C1554&ssl=1","contentUrl":"https:\/\/i0.wp.com\/chicandchill.de\/wp-content\/uploads\/2025\/08\/Bildschirmfoto-2025-12-10-um-15.08.23.webp?fit=1586%2C1554&ssl=1","width":1586,"height":1554},{"@type":"BreadcrumbList","@id":"https:\/\/chicandchill.de\/\/madeleine\/#breadcrumb","itemListElement":[{"@type":"ListItem","position":1,"name":"Startseite","item":"https:\/\/chicandchill.de\/"},{"@type":"ListItem","position":2,"name":"Madeleine"}]},{"@type":"WebSite","@id":"https:\/\/chicandchill.de\/#website","url":"https:\/\/chicandchill.de\/","name":"Chic & Chill \u2013 Friseur in Borna bei Leipzig & Chemnitz","description":"Dein Style. Unser Handwerk.","publisher":{"@id":"https:\/\/chicandchill.de\/#organization"},"alternateName":"Chic & Chill Friseur Borna","potentialAction":[{"@type":"SearchAction","target":{"@type":"EntryPoint","urlTemplate":"https:\/\/chicandchill.de\/?s={search_term_string}"},"query-input":{"@type":"PropertyValueSpecification","valueRequired":true,"valueName":"search_term_string"}}],"inLanguage":"de"},{"@type":"Organization","@id":"https:\/\/chicandchill.de\/#organization","name":"Chic & Chill \u2013 Friseur in Borna bei Leipzig & Chemnitz","alternateName":"Chic & Chill Friseur Borna","url":"https:\/\/chicandchill.de\/","logo":{"@type":"ImageObject","inLanguage":"de","@id":"https:\/\/chicandchill.de\/#\/schema\/logo\/image\/","url":"https:\/\/i0.wp.com\/chicandchill.de\/wp-content\/uploads\/2024\/09\/Transparent-Logo.png?fit=2396%2C1221&ssl=1","contentUrl":"https:\/\/i0.wp.com\/chicandchill.de\/wp-content\/uploads\/2024\/09\/Transparent-Logo.png?fit=2396%2C1221&ssl=1","width":2396,"height":1221,"caption":"Chic & Chill \u2013 Friseur in Borna bei Leipzig & Chemnitz"},"image":{"@id":"https:\/\/chicandchill.de\/#\/schema\/logo\/image\/"},"sameAs":["https:\/\/www.instagram.com\/chicandchill_haarbaendiger\/"]},{"@type":"Person","@id":"https:\/\/chicandchill.de\/#\/schema\/person\/f6e5e90510f64a8c6ccdbbb7be02a7c1","name":"Robby Klier","image":{"@type":"ImageObject","inLanguage":"de","@id":"https:\/\/secure.gravatar.com\/avatar\/00a4611352abea7e82132135723c0d3afd784e4d7586b0fbecc2e2af8bd8648b?s=96&d=mm&r=g","url":"https:\/\/secure.gravatar.com\/avatar\/00a4611352abea7e82132135723c0d3afd784e4d7586b0fbecc2e2af8bd8648b?s=96&d=mm&r=g","contentUrl":"https:\/\/secure.gravatar.com\/avatar\/00a4611352abea7e82132135723c0d3afd784e4d7586b0fbecc2e2af8bd8648b?s=96&d=mm&r=g","caption":"Robby Klier"},"description":"Redakteur","sameAs":["http:\/\/chicandchill.de"],"url":"https:\/\/chicandchill.de\/\/author\/robbyklier\/"}]}},"jetpack_publicize_connections":[],"jetpack_featured_media_url":"https:\/\/i0.wp.com\/chicandchill.de\/wp-content\/uploads\/2025\/08\/Bildschirmfoto-2025-12-10-um-15.08.23.webp?fit=1586%2C1554&ssl=1","jetpack_sharing_enabled":true,"_links":{"self":[{"href":"https:\/\/chicandchill.de\/\/wp-json\/wp\/v2\/posts\/10241","targetHints":{"allow":["GET"]}}],"collection":[{"href":"https:\/\/chicandchill.de\/\/wp-json\/wp\/v2\/posts"}],"about":[{"href":"https:\/\/chicandchill.de\/\/wp-json\/wp\/v2\/types\/post"}],"author":[{"embeddable":true,"href":"https:\/\/chicandchill.de\/\/wp-json\/wp\/v2\/users\/1"}],"replies":[{"embeddable":true,"href":"https:\/\/chicandchill.de\/\/wp-json\/wp\/v2\/comments?post=10241"}],"version-history":[{"count":3,"href":"https:\/\/chicandchill.de\/\/wp-json\/wp\/v2\/posts\/10241\/revisions"}],"predecessor-version":[{"id":11873,"href":"https:\/\/chicandchill.de\/\/wp-json\/wp\/v2\/posts\/10241\/revisions\/11873"}],"wp:featuredmedia":[{"embeddable":true,"href":"https:\/\/chicandchill.de\/\/wp-json\/wp\/v2\/media\/12513"}],"wp:attachment":[{"href":"https:\/\/chicandchill.de\/\/wp-json\/wp\/v2\/media?parent=10241"}],"wp:term":[{"taxonomy":"category","embeddable":true,"href":"https:\/\/chicandchill.de\/\/wp-json\/wp\/v2\/categories?post=10241"},{"taxonomy":"post_tag","embeddable":true,"href":"https:\/\/chicandchill.de\/\/wp-json\/wp\/v2\/tags?post=10241"},{"taxonomy":"job-kategorie","embeddable":true,"href":"https:\/\/chicandchill.de\/\/wp-json\/wp\/v2\/job-kategorie?post=10241"},{"taxonomy":"location","embeddable":true,"href":"https:\/\/chicandchill.de\/\/wp-json\/wp\/v2\/location?post=10241"},{"taxonomy":"marken-brands","embeddable":true,"href":"https:\/\/chicandchill.de\/\/wp-json\/wp\/v2\/marken-brands?post=10241"},{"taxonomy":"spezialisiert","embeddable":true,"href":"https:\/\/chicandchill.de\/\/wp-json\/wp\/v2\/spezialisiert?post=10241"}],"curies":[{"name":"wp","href":"https:\/\/api.w.org\/{rel}","templated":true}]}}